{"id":2158,"date":"2020-02-19T12:12:43","date_gmt":"2020-02-19T11:12:43","guid":{"rendered":"https:\/\/www.boisfranc.com\/wilfrid\/?p=2158"},"modified":"2020-02-19T23:25:00","modified_gmt":"2020-02-19T22:25:00","slug":"une-premiere-pelletee-de-terre-pour-le-wilfrid","status":"publish","type":"post","link":"https:\/\/www.boisfranc.com\/wilfrid\/une-premiere-pelletee-de-terre-pour-le-wilfrid\/","title":{"rendered":"Une premi\u00e8re pellet\u00e9e de terre pour le Wilfrid"},"content":{"rendered":"<p>[vc_row][vc_column]<div class=\"grve-element grve-image grve-align-center\" style=\"\"><img width=\"1920\" height=\"1080\" src=\"https:\/\/www.boisfranc.com\/content\/uploads\/sites\/46\/2020\/02\/KIN07315_V3.jpg\" class=\"attachment-full size-full\" alt=\"\" loading=\"lazy\" srcset=\"https:\/\/www.boisfranc.com\/content\/uploads\/sites\/46\/2020\/02\/KIN07315_V3.jpg 1x,https:\/\/www.boisfranc.com\/content\/uploads\/sites\/46\/2020\/02\/KIN07315_V3.jpg 2x\" \/><\/div>[vc_column_text]<strong>Montr\u00e9al, le 19 f\u00e9vrier 2020<\/strong> \u2013 Groupe Montclair a effectu\u00e9 aujourd\u2019hui la premi\u00e8re pellet\u00e9e de terre pour officialiser le d\u00e9but de la construction du projet de condos Wilfrid a\u0300 Bois-Franc, Saint-Laurent. L\u2019\u00e9v\u00e9nement s\u2019est tenu en pr\u00e9sence des conseillers municipaux Francesco Miele, Aref Salem et Jacques Cohen, de Greg Galardo, Jean-Fran\u00e7ois T\u00e9treault, Henrik Houle, Dominique Galardo et Nicolas Galardo du Groupe Montclair ainsi qu\u2019en compagnie de Sarah Castoriano de Groupe Mach.<\/p>\n<p>\u00ab\u00a0Trois mois seulement apr\u00e8s le lancement de notre projet en novembre dernier, nous sommes fiers de vous annoncer que 80 % des unit\u00e9s ont d\u00e9j\u00e0 \u00e9t\u00e9 vendues et que nous d\u00e9butons la construction\u00a0\u00bb, indique Nicolas Galardo, directeur des ventes et du marketing chez Montclair. Il s\u2019agit donc du projet de condos le plus important \u00e0 ce jour pour Groupe Montclair \u00e0 Bois-Franc.<\/p>\n<p>Apr\u00e8s les projets WR, WR2 et WR3, la quatri\u00e8me phase de ce projet de b\u00e2timents \u00e0 usage mixte novateur offre une centaine d\u2019unit\u00e9s r\u00e9sidentielles qui s\u2019ajoutent aux 275 autres unit\u00e9s construites dans le secteur. Des boutiques et des services au rez-de-chauss\u00e9e viendront compl\u00e9ter l\u2019ensemble commercial actuel comprenant notamment des banni\u00e8res comme Premi\u00e8re Moisson, IGA, Chocolats Favoris, et bien plus. Con\u00e7u dans une approche de d\u00e9veloppement durable et selon de hauts standards de qualit\u00e9, le b\u00e2timent du Wilfrid comptera des espaces communs tels que le gym, l\u2019\u00e9l\u00e9gant hall d\u2019entr\u00e9e ainsi le lounge et la terrasse au toit.<\/p>\n<p>Plusieurs facteurs expliquent l\u2019engouement des acheteurs par ce projet du Groupe Montclair. \u00ab\u00a0Nous sommes d\u2019avis que le Wilfrid est un projet ambitieux \u00e0 l\u2019architecture distinctive qui a tout pour plaire aux futurs acheteurs\u00a0\u00bb, affirme Nicolas Galardo. Le quartier Bois-Franc dans lequel se situe le projet constitue quant \u00e0 lui un atout en soi avec ses nombreux espaces verts, commerces et services \u00e0 proximit\u00e9. Strat\u00e9giquement situ\u00e9 \u00e0 seulement 300 m\u00e8tres de la future station Bois-Franc du R\u00e9seau express m\u00e9tropolitain (REM), le Wilfrid b\u00e9n\u00e9ficiera d\u2019une connectivit\u00e9 in\u00e9gal\u00e9e jusqu\u2019\u00e0 ce jour. La livraison du projet est pr\u00e9vue pour le printemps\/\u00e9t\u00e9 2021.<\/p>\n<p>Pour plus d\u2019informations\u00a0:<br \/>\n<a href=\"https:\/\/www.boisfranc.com\/wilfrid\">boisfranc.com\/wilfrid<\/a><br \/>\nBureau des ventes \u2013 2300, rue Wilfrid-Reid #108, Saint-Laurent<\/p>\n<p>&nbsp;<\/p>\n<p style=\"text-align: center;\">-30-<\/p>\n<p>&nbsp;<\/p>\n<p><strong>\u00c0 propos de Groupe Montclair<\/strong><\/p>\n<p>Avec plus de 2000 unit\u00e9s construites depuis 1994, les projets sign\u00e9s Montclair se distinguent par leur impressionnant design int\u00e9rieur et leur architecture traditionnelle qui ne se d\u00e9modent pas. Un savoir-faire, une signature!<\/p>\n<p>Source\u00a0: M. Nicolas Galardo, directeur des ventes et du marketing<br \/>\nGroupe Montclair<br \/>\n<a href=\"mailto:nicolas@groupemontclair.com\">nicolas@groupemontclair.com<\/a>[\/vc_column_text][\/vc_column][\/vc_row][vc_row][vc_column width=\u00a0\u00bb1\/2&Prime;]<div class=\"grve-element grve-image grve-align-center\" style=\"\"><a class=\"grve-image-popup\" href=\"https:\/\/www.boisfranc.com\/content\/uploads\/sites\/46\/2020\/02\/KIN07209.jpg\"><img width=\"1620\" height=\"1080\" src=\"https:\/\/www.boisfranc.com\/content\/uploads\/sites\/46\/2020\/02\/KIN07209.jpg\" class=\"attachment-full size-full\" alt=\"\" loading=\"lazy\" srcset=\"https:\/\/www.boisfranc.com\/content\/uploads\/sites\/46\/2020\/02\/KIN07209.jpg 1x,https:\/\/www.boisfranc.com\/content\/uploads\/sites\/46\/2020\/02\/KIN07209.jpg 2x\" \/><\/a><\/div>[\/vc_column][vc_column width=\u00a0\u00bb1\/2&Prime;]<div class=\"grve-element grve-image grve-align-center\" style=\"\"><a class=\"grve-image-popup\" href=\"https:\/\/www.boisfranc.com\/content\/uploads\/sites\/46\/2020\/02\/KIN07228.jpg\"><img width=\"1620\" height=\"1080\" src=\"https:\/\/www.boisfranc.com\/content\/uploads\/sites\/46\/2020\/02\/KIN07228.jpg\" class=\"attachment-full size-full\" alt=\"\" loading=\"lazy\" srcset=\"https:\/\/www.boisfranc.com\/content\/uploads\/sites\/46\/2020\/02\/KIN07228.jpg 1x,https:\/\/www.boisfranc.com\/content\/uploads\/sites\/46\/2020\/02\/KIN07228.jpg 2x\" \/><\/a><\/div>[\/vc_column][\/vc_row]<\/p>\n","protected":false},"excerpt":{"rendered":"<p>Groupe Montclair a effectu\u00e9 aujourd\u2019hui la premi\u00e8re pellet\u00e9e de terre pour officialiser le d\u00e9but de la construction du projet de condos Wilfrid a\u0300 Bois-Franc, Saint-Laurent.<\/p>\n","protected":false},"author":13,"featured_media":2161,"comment_status":"open","ping_status":"open","sticky":false,"template":"","format":"standard","meta":[],"categories":[10],"tags":[],"yoast_head":"<!-- This site is optimized with the Yoast SEO plugin v17.4 - https:\/\/yoast.com\/wordpress\/plugins\/seo\/ -->\n<title>Une premi\u00e8re pellet\u00e9e de terre pour le Wilfrid - Wilfrid<\/title>\n<meta name=\"robots\" content=\"index, follow, max-snippet:-1, max-image-preview:large, max-video-preview:-1\" \/>\n<link rel=\"canonical\" href=\"https:\/\/www.boisfranc.com\/wilfrid\/une-premiere-pelletee-de-terre-pour-le-wilfrid\/\" \/>\n<meta property=\"og:locale\" content=\"fr_FR\" \/>\n<meta property=\"og:type\" content=\"article\" \/>\n<meta property=\"og:title\" content=\"Une premi\u00e8re pellet\u00e9e de terre pour le Wilfrid - Wilfrid\" \/>\n<meta property=\"og:description\" content=\"Groupe Montclair a effectu\u00e9 aujourd\u2019hui la premi\u00e8re pellet\u00e9e de terre pour officialiser le d\u00e9but de la construction du projet de condos Wilfrid a\u0300 Bois-Franc, Saint-Laurent.\" \/>\n<meta property=\"og:url\" content=\"https:\/\/www.boisfranc.com\/wilfrid\/une-premiere-pelletee-de-terre-pour-le-wilfrid\/\" \/>\n<meta property=\"og:site_name\" content=\"Wilfrid\" \/>\n<meta property=\"article:published_time\" content=\"2020-02-19T11:12:43+00:00\" \/>\n<meta property=\"article:modified_time\" content=\"2020-02-19T22:25:00+00:00\" \/>\n<meta property=\"og:image\" content=\"https:\/\/www.boisfranc.com\/content\/uploads\/sites\/46\/2020\/02\/KIN07315_V3.jpg\" \/>\n\t<meta property=\"og:image:width\" content=\"1920\" \/>\n\t<meta property=\"og:image:height\" content=\"1080\" \/>\n<meta name=\"twitter:card\" content=\"summary\" \/>\n<meta name=\"twitter:label1\" content=\"\u00c9crit par\" \/>\n\t<meta name=\"twitter:data1\" content=\"kina1\" \/>\n\t<meta name=\"twitter:label2\" content=\"Dur\u00e9e de lecture est.\" \/>\n\t<meta name=\"twitter:data2\" content=\"2 minutes\" \/>\n<script type=\"application\/ld+json\" class=\"yoast-schema-graph\">{\"@context\":\"https:\/\/schema.org\",\"@graph\":[{\"@type\":\"WebSite\",\"@id\":\"https:\/\/www.boisfranc.com\/wilfrid\/#website\",\"url\":\"https:\/\/www.boisfranc.com\/wilfrid\/\",\"name\":\"Wilfrid\",\"description\":\"Un site utilisant R\\u00e9seau Boisfranc\",\"potentialAction\":[{\"@type\":\"SearchAction\",\"target\":{\"@type\":\"EntryPoint\",\"urlTemplate\":\"https:\/\/www.boisfranc.com\/wilfrid\/?s={search_term_string}\"},\"query-input\":\"required name=search_term_string\"}],\"inLanguage\":\"fr-FR\"},{\"@type\":\"ImageObject\",\"@id\":\"https:\/\/www.boisfranc.com\/wilfrid\/une-premiere-pelletee-de-terre-pour-le-wilfrid\/#primaryimage\",\"inLanguage\":\"fr-FR\",\"url\":\"https:\/\/www.boisfranc.com\/content\/uploads\/sites\/46\/2020\/02\/KIN07315_V3.jpg\",\"contentUrl\":\"https:\/\/www.boisfranc.com\/content\/uploads\/sites\/46\/2020\/02\/KIN07315_V3.jpg\",\"width\":1920,\"height\":1080},{\"@type\":\"WebPage\",\"@id\":\"https:\/\/www.boisfranc.com\/wilfrid\/une-premiere-pelletee-de-terre-pour-le-wilfrid\/#webpage\",\"url\":\"https:\/\/www.boisfranc.com\/wilfrid\/une-premiere-pelletee-de-terre-pour-le-wilfrid\/\",\"name\":\"Une premi\\u00e8re pellet\\u00e9e de terre pour le Wilfrid - Wilfrid\",\"isPartOf\":{\"@id\":\"https:\/\/www.boisfranc.com\/wilfrid\/#website\"},\"primaryImageOfPage\":{\"@id\":\"https:\/\/www.boisfranc.com\/wilfrid\/une-premiere-pelletee-de-terre-pour-le-wilfrid\/#primaryimage\"},\"datePublished\":\"2020-02-19T11:12:43+00:00\",\"dateModified\":\"2020-02-19T22:25:00+00:00\",\"author\":{\"@id\":\"https:\/\/www.boisfranc.com\/wilfrid\/#\/schema\/person\/b4a3b5048e74b23f271f2c5252851ef2\"},\"breadcrumb\":{\"@id\":\"https:\/\/www.boisfranc.com\/wilfrid\/une-premiere-pelletee-de-terre-pour-le-wilfrid\/#breadcrumb\"},\"inLanguage\":\"fr-FR\",\"potentialAction\":[{\"@type\":\"ReadAction\",\"target\":[\"https:\/\/www.boisfranc.com\/wilfrid\/une-premiere-pelletee-de-terre-pour-le-wilfrid\/\"]}]},{\"@type\":\"BreadcrumbList\",\"@id\":\"https:\/\/www.boisfranc.com\/wilfrid\/une-premiere-pelletee-de-terre-pour-le-wilfrid\/#breadcrumb\",\"itemListElement\":[{\"@type\":\"ListItem\",\"position\":1,\"name\":\"Accueil\",\"item\":\"https:\/\/www.boisfranc.com\/wilfrid\/\"},{\"@type\":\"ListItem\",\"position\":2,\"name\":\"Une premi\\u00e8re pellet\\u00e9e de terre pour le Wilfrid\"}]},{\"@type\":\"Person\",\"@id\":\"https:\/\/www.boisfranc.com\/wilfrid\/#\/schema\/person\/b4a3b5048e74b23f271f2c5252851ef2\",\"name\":\"kina1\",\"image\":{\"@type\":\"ImageObject\",\"@id\":\"https:\/\/www.boisfranc.com\/wilfrid\/#personlogo\",\"inLanguage\":\"fr-FR\",\"url\":\"https:\/\/secure.gravatar.com\/avatar\/8888edf17759b4f5bfe3845ffb242f9d?s=96&d=mm&r=g\",\"contentUrl\":\"https:\/\/secure.gravatar.com\/avatar\/8888edf17759b4f5bfe3845ffb242f9d?s=96&d=mm&r=g\",\"caption\":\"kina1\"},\"url\":\"https:\/\/www.boisfranc.com\/wilfrid\/author\/kina1\/\"}]}<\/script>\n<!-- \/ Yoast SEO plugin. -->","yoast_head_json":{"title":"Une premi\u00e8re pellet\u00e9e de terre pour le Wilfrid - Wilfrid","robots":{"index":"index","follow":"follow","max-snippet":"max-snippet:-1","max-image-preview":"max-image-preview:large","max-video-preview":"max-video-preview:-1"},"canonical":"https:\/\/www.boisfranc.com\/wilfrid\/une-premiere-pelletee-de-terre-pour-le-wilfrid\/","og_locale":"fr_FR","og_type":"article","og_title":"Une premi\u00e8re pellet\u00e9e de terre pour le Wilfrid - Wilfrid","og_description":"Groupe Montclair a effectu\u00e9 aujourd\u2019hui la premi\u00e8re pellet\u00e9e de terre pour officialiser le d\u00e9but de la construction du projet de condos Wilfrid a\u0300 Bois-Franc, Saint-Laurent.","og_url":"https:\/\/www.boisfranc.com\/wilfrid\/une-premiere-pelletee-de-terre-pour-le-wilfrid\/","og_site_name":"Wilfrid","article_published_time":"2020-02-19T11:12:43+00:00","article_modified_time":"2020-02-19T22:25:00+00:00","og_image":[{"width":1920,"height":1080,"url":"https:\/\/www.boisfranc.com\/content\/uploads\/sites\/46\/2020\/02\/KIN07315_V3.jpg","type":"image\/jpeg"}],"twitter_card":"summary","twitter_misc":{"\u00c9crit par":"kina1","Dur\u00e9e de lecture est.":"2 minutes"},"schema":{"@context":"https:\/\/schema.org","@graph":[{"@type":"WebSite","@id":"https:\/\/www.boisfranc.com\/wilfrid\/#website","url":"https:\/\/www.boisfranc.com\/wilfrid\/","name":"Wilfrid","description":"Un site utilisant R\u00e9seau Boisfranc","potentialAction":[{"@type":"SearchAction","target":{"@type":"EntryPoint","urlTemplate":"https:\/\/www.boisfranc.com\/wilfrid\/?s={search_term_string}"},"query-input":"required name=search_term_string"}],"inLanguage":"fr-FR"},{"@type":"ImageObject","@id":"https:\/\/www.boisfranc.com\/wilfrid\/une-premiere-pelletee-de-terre-pour-le-wilfrid\/#primaryimage","inLanguage":"fr-FR","url":"https:\/\/www.boisfranc.com\/content\/uploads\/sites\/46\/2020\/02\/KIN07315_V3.jpg","contentUrl":"https:\/\/www.boisfranc.com\/content\/uploads\/sites\/46\/2020\/02\/KIN07315_V3.jpg","width":1920,"height":1080},{"@type":"WebPage","@id":"https:\/\/www.boisfranc.com\/wilfrid\/une-premiere-pelletee-de-terre-pour-le-wilfrid\/#webpage","url":"https:\/\/www.boisfranc.com\/wilfrid\/une-premiere-pelletee-de-terre-pour-le-wilfrid\/","name":"Une premi\u00e8re pellet\u00e9e de terre pour le Wilfrid - Wilfrid","isPartOf":{"@id":"https:\/\/www.boisfranc.com\/wilfrid\/#website"},"primaryImageOfPage":{"@id":"https:\/\/www.boisfranc.com\/wilfrid\/une-premiere-pelletee-de-terre-pour-le-wilfrid\/#primaryimage"},"datePublished":"2020-02-19T11:12:43+00:00","dateModified":"2020-02-19T22:25:00+00:00","author":{"@id":"https:\/\/www.boisfranc.com\/wilfrid\/#\/schema\/person\/b4a3b5048e74b23f271f2c5252851ef2"},"breadcrumb":{"@id":"https:\/\/www.boisfranc.com\/wilfrid\/une-premiere-pelletee-de-terre-pour-le-wilfrid\/#breadcrumb"},"inLanguage":"fr-FR","potentialAction":[{"@type":"ReadAction","target":["https:\/\/www.boisfranc.com\/wilfrid\/une-premiere-pelletee-de-terre-pour-le-wilfrid\/"]}]},{"@type":"BreadcrumbList","@id":"https:\/\/www.boisfranc.com\/wilfrid\/une-premiere-pelletee-de-terre-pour-le-wilfrid\/#breadcrumb","itemListElement":[{"@type":"ListItem","position":1,"name":"Accueil","item":"https:\/\/www.boisfranc.com\/wilfrid\/"},{"@type":"ListItem","position":2,"name":"Une premi\u00e8re pellet\u00e9e de terre pour le Wilfrid"}]},{"@type":"Person","@id":"https:\/\/www.boisfranc.com\/wilfrid\/#\/schema\/person\/b4a3b5048e74b23f271f2c5252851ef2","name":"kina1","image":{"@type":"ImageObject","@id":"https:\/\/www.boisfranc.com\/wilfrid\/#personlogo","inLanguage":"fr-FR","url":"https:\/\/secure.gravatar.com\/avatar\/8888edf17759b4f5bfe3845ffb242f9d?s=96&d=mm&r=g","contentUrl":"https:\/\/secure.gravatar.com\/avatar\/8888edf17759b4f5bfe3845ffb242f9d?s=96&d=mm&r=g","caption":"kina1"},"url":"https:\/\/www.boisfranc.com\/wilfrid\/author\/kina1\/"}]}},"_links":{"self":[{"href":"https:\/\/www.boisfranc.com\/wilfrid\/wp-json\/wp\/v2\/posts\/2158"}],"collection":[{"href":"https:\/\/www.boisfranc.com\/wilfrid\/wp-json\/wp\/v2\/posts"}],"about":[{"href":"https:\/\/www.boisfranc.com\/wilfrid\/wp-json\/wp\/v2\/types\/post"}],"author":[{"embeddable":true,"href":"https:\/\/www.boisfranc.com\/wilfrid\/wp-json\/wp\/v2\/users\/13"}],"replies":[{"embeddable":true,"href":"https:\/\/www.boisfranc.com\/wilfrid\/wp-json\/wp\/v2\/comments?post=2158"}],"version-history":[{"count":6,"href":"https:\/\/www.boisfranc.com\/wilfrid\/wp-json\/wp\/v2\/posts\/2158\/revisions"}],"predecessor-version":[{"id":2175,"href":"https:\/\/www.boisfranc.com\/wilfrid\/wp-json\/wp\/v2\/posts\/2158\/revisions\/2175"}],"wp:featuredmedia":[{"embeddable":true,"href":"https:\/\/www.boisfranc.com\/wilfrid\/wp-json\/wp\/v2\/media\/2161"}],"wp:attachment":[{"href":"https:\/\/www.boisfranc.com\/wilfrid\/wp-json\/wp\/v2\/media?parent=2158"}],"wp:term":[{"taxonomy":"category","embeddable":true,"href":"https:\/\/www.boisfranc.com\/wilfrid\/wp-json\/wp\/v2\/categories?post=2158"},{"taxonomy":"post_tag","embeddable":true,"href":"https:\/\/www.boisfranc.com\/wilfrid\/wp-json\/wp\/v2\/tags?post=2158"}],"curies":[{"name":"wp","href":"https:\/\/api.w.org\/{rel}","templated":true}]}}