{"id":2144,"date":"2019-05-29T14:29:35","date_gmt":"2019-05-29T12:29:35","guid":{"rendered":"https:\/\/www.boisfranc.com\/wilfrid\/?p=2144"},"modified":"2020-02-21T19:03:17","modified_gmt":"2020-02-21T18:03:17","slug":"temoignage-video-vivre-a-bois-franc","status":"publish","type":"post","link":"https:\/\/www.boisfranc.com\/wilfrid\/temoignage-video-vivre-a-bois-franc\/","title":{"rendered":"T\u00e9moignage vid\u00e9o &#8211; Vivre \u00e0 Bois-Franc"},"content":{"rendered":"<p>[vc_row][vc_column][vc_column_text]Le 30 avril dernier, le Groupe Montclair a recueilli le t\u00e9moignage d\u2019une cliente habitant un condo L\u00e9kinox du quartier Bois-Franc \u00e0 Saint-Laurent. Le projet de condo L\u00e9kinox est une autre r\u00e9alisation du Groupe Montclair situ\u00e9e \u00e0 proximit\u00e9 du Wilfrid.[\/vc_column_text]<div class=\"grve-element grve-video\" style=\"\"><iframe width=\"1080\" height=\"608\" src=\"https:\/\/www.youtube.com\/embed\/K0mz4vTvHSI?feature=oembed&enablejsapi=1&origin=https:\/\/www.boisfranc.com\" frameborder=\"0\" allow=\"accelerometer; autoplay; encrypted-media; gyroscope; picture-in-picture\" allowfullscreen><\/iframe><\/div>[vc_column_text]Actuellement propri\u00e9taire d\u2019une unit\u00e9 de condo du projet r\u00e9sidentiel L\u00e9kinox, elle nous expose son int\u00e9r\u00eat pour ce quartier et nous explique pourquoi elle y habite. Judy n\u2019h\u00e9site pas \u00e0 t\u00e9moigner de son appr\u00e9ciation pour le service re\u00e7u par le Groupe Montclair. Constructeur depuis plus de 25 ans dans le quartier de Bois-Franc, Montclair offre plusieurs nouveaux mod\u00e8les d\u2019habitation de condos et de maisons de ville.<\/p>\n<p>Lors de son entrevue r\u00e9alis\u00e9e pour un article dans le Epoch Time, la r\u00e9sidente nous fait \u00e9galement part des avantages pour ses enfants d\u2019habiter dans ce quartier. Cet article est disponible en mandarin sur le site de Epoch Time, en cliquant <a href=\"http:\/\/e-paper.epochtimes.com\/Montreal\/20190510_961\/MTLDJY20190510C01.jpg.html\">ici<\/a>.[\/vc_column_text][\/vc_column][\/vc_row]<\/p>\n","protected":false},"excerpt":{"rendered":"<p>Le 30 avril dernier, le Groupe Montclair a recueilli le t\u00e9moignage d\u2019une cliente habitant un condo L\u00e9kinox du quartier Bois-Franc \u00e0 Saint-Laurent<\/p>\n","protected":false},"author":13,"featured_media":2149,"comment_status":"open","ping_status":"open","sticky":false,"template":"","format":"standard","meta":[],"categories":[10],"tags":[],"yoast_head":"<!-- This site is optimized with the Yoast SEO plugin v17.4 - https:\/\/yoast.com\/wordpress\/plugins\/seo\/ -->\n<title>T\u00e9moignage vid\u00e9o - Vivre \u00e0 Bois-Franc - Wilfrid<\/title>\n<meta name=\"robots\" content=\"index, follow, max-snippet:-1, max-image-preview:large, max-video-preview:-1\" \/>\n<link rel=\"canonical\" href=\"https:\/\/www.boisfranc.com\/wilfrid\/temoignage-video-vivre-a-bois-franc\/\" \/>\n<meta property=\"og:locale\" content=\"fr_FR\" \/>\n<meta property=\"og:type\" content=\"article\" \/>\n<meta property=\"og:title\" content=\"T\u00e9moignage vid\u00e9o - Vivre \u00e0 Bois-Franc - Wilfrid\" \/>\n<meta property=\"og:description\" content=\"Le 30 avril dernier, le Groupe Montclair a recueilli le t\u00e9moignage d\u2019une cliente habitant un condo L\u00e9kinox du quartier Bois-Franc \u00e0 Saint-Laurent\" \/>\n<meta property=\"og:url\" content=\"https:\/\/www.boisfranc.com\/wilfrid\/temoignage-video-vivre-a-bois-franc\/\" \/>\n<meta property=\"og:site_name\" content=\"Wilfrid\" \/>\n<meta property=\"article:published_time\" content=\"2019-05-29T12:29:35+00:00\" \/>\n<meta property=\"article:modified_time\" content=\"2020-02-21T18:03:17+00:00\" \/>\n<meta property=\"og:image\" content=\"https:\/\/www.boisfranc.com\/content\/uploads\/sites\/46\/2020\/02\/temoignage-vivre-a-bf-e1582308183503.jpg\" \/>\n\t<meta property=\"og:image:width\" content=\"589\" \/>\n\t<meta property=\"og:image:height\" content=\"331\" \/>\n<meta name=\"twitter:card\" content=\"summary\" \/>\n<meta name=\"twitter:label1\" content=\"\u00c9crit par\" \/>\n\t<meta name=\"twitter:data1\" content=\"kina1\" \/>\n\t<meta name=\"twitter:label2\" content=\"Dur\u00e9e de lecture est.\" \/>\n\t<meta name=\"twitter:data2\" content=\"1 minute\" \/>\n<script type=\"application\/ld+json\" class=\"yoast-schema-graph\">{\"@context\":\"https:\/\/schema.org\",\"@graph\":[{\"@type\":\"WebSite\",\"@id\":\"https:\/\/www.boisfranc.com\/wilfrid\/#website\",\"url\":\"https:\/\/www.boisfranc.com\/wilfrid\/\",\"name\":\"Wilfrid\",\"description\":\"Un site utilisant R\\u00e9seau Boisfranc\",\"potentialAction\":[{\"@type\":\"SearchAction\",\"target\":{\"@type\":\"EntryPoint\",\"urlTemplate\":\"https:\/\/www.boisfranc.com\/wilfrid\/?s={search_term_string}\"},\"query-input\":\"required name=search_term_string\"}],\"inLanguage\":\"fr-FR\"},{\"@type\":\"ImageObject\",\"@id\":\"https:\/\/www.boisfranc.com\/wilfrid\/temoignage-video-vivre-a-bois-franc\/#primaryimage\",\"inLanguage\":\"fr-FR\",\"url\":\"https:\/\/www.boisfranc.com\/content\/uploads\/sites\/46\/2020\/02\/temoignage-vivre-a-bf-e1582308183503.jpg\",\"contentUrl\":\"https:\/\/www.boisfranc.com\/content\/uploads\/sites\/46\/2020\/02\/temoignage-vivre-a-bf-e1582308183503.jpg\",\"width\":589,\"height\":331},{\"@type\":\"WebPage\",\"@id\":\"https:\/\/www.boisfranc.com\/wilfrid\/temoignage-video-vivre-a-bois-franc\/#webpage\",\"url\":\"https:\/\/www.boisfranc.com\/wilfrid\/temoignage-video-vivre-a-bois-franc\/\",\"name\":\"T\\u00e9moignage vid\\u00e9o - Vivre \\u00e0 Bois-Franc - Wilfrid\",\"isPartOf\":{\"@id\":\"https:\/\/www.boisfranc.com\/wilfrid\/#website\"},\"primaryImageOfPage\":{\"@id\":\"https:\/\/www.boisfranc.com\/wilfrid\/temoignage-video-vivre-a-bois-franc\/#primaryimage\"},\"datePublished\":\"2019-05-29T12:29:35+00:00\",\"dateModified\":\"2020-02-21T18:03:17+00:00\",\"author\":{\"@id\":\"https:\/\/www.boisfranc.com\/wilfrid\/#\/schema\/person\/b4a3b5048e74b23f271f2c5252851ef2\"},\"breadcrumb\":{\"@id\":\"https:\/\/www.boisfranc.com\/wilfrid\/temoignage-video-vivre-a-bois-franc\/#breadcrumb\"},\"inLanguage\":\"fr-FR\",\"potentialAction\":[{\"@type\":\"ReadAction\",\"target\":[\"https:\/\/www.boisfranc.com\/wilfrid\/temoignage-video-vivre-a-bois-franc\/\"]}]},{\"@type\":\"BreadcrumbList\",\"@id\":\"https:\/\/www.boisfranc.com\/wilfrid\/temoignage-video-vivre-a-bois-franc\/#breadcrumb\",\"itemListElement\":[{\"@type\":\"ListItem\",\"position\":1,\"name\":\"Accueil\",\"item\":\"https:\/\/www.boisfranc.com\/wilfrid\/\"},{\"@type\":\"ListItem\",\"position\":2,\"name\":\"T\\u00e9moignage vid\\u00e9o &#8211; Vivre \\u00e0 Bois-Franc\"}]},{\"@type\":\"Person\",\"@id\":\"https:\/\/www.boisfranc.com\/wilfrid\/#\/schema\/person\/b4a3b5048e74b23f271f2c5252851ef2\",\"name\":\"kina1\",\"image\":{\"@type\":\"ImageObject\",\"@id\":\"https:\/\/www.boisfranc.com\/wilfrid\/#personlogo\",\"inLanguage\":\"fr-FR\",\"url\":\"https:\/\/secure.gravatar.com\/avatar\/8888edf17759b4f5bfe3845ffb242f9d?s=96&d=mm&r=g\",\"contentUrl\":\"https:\/\/secure.gravatar.com\/avatar\/8888edf17759b4f5bfe3845ffb242f9d?s=96&d=mm&r=g\",\"caption\":\"kina1\"},\"url\":\"https:\/\/www.boisfranc.com\/wilfrid\/author\/kina1\/\"}]}<\/script>\n<!-- \/ Yoast SEO plugin. -->","yoast_head_json":{"title":"T\u00e9moignage vid\u00e9o - Vivre \u00e0 Bois-Franc - Wilfrid","robots":{"index":"index","follow":"follow","max-snippet":"max-snippet:-1","max-image-preview":"max-image-preview:large","max-video-preview":"max-video-preview:-1"},"canonical":"https:\/\/www.boisfranc.com\/wilfrid\/temoignage-video-vivre-a-bois-franc\/","og_locale":"fr_FR","og_type":"article","og_title":"T\u00e9moignage vid\u00e9o - Vivre \u00e0 Bois-Franc - Wilfrid","og_description":"Le 30 avril dernier, le Groupe Montclair a recueilli le t\u00e9moignage d\u2019une cliente habitant un condo L\u00e9kinox du quartier Bois-Franc \u00e0 Saint-Laurent","og_url":"https:\/\/www.boisfranc.com\/wilfrid\/temoignage-video-vivre-a-bois-franc\/","og_site_name":"Wilfrid","article_published_time":"2019-05-29T12:29:35+00:00","article_modified_time":"2020-02-21T18:03:17+00:00","og_image":[{"width":589,"height":331,"url":"https:\/\/www.boisfranc.com\/content\/uploads\/sites\/46\/2020\/02\/temoignage-vivre-a-bf-e1582308183503.jpg","type":"image\/jpeg"}],"twitter_card":"summary","twitter_misc":{"\u00c9crit par":"kina1","Dur\u00e9e de lecture est.":"1 minute"},"schema":{"@context":"https:\/\/schema.org","@graph":[{"@type":"WebSite","@id":"https:\/\/www.boisfranc.com\/wilfrid\/#website","url":"https:\/\/www.boisfranc.com\/wilfrid\/","name":"Wilfrid","description":"Un site utilisant R\u00e9seau Boisfranc","potentialAction":[{"@type":"SearchAction","target":{"@type":"EntryPoint","urlTemplate":"https:\/\/www.boisfranc.com\/wilfrid\/?s={search_term_string}"},"query-input":"required name=search_term_string"}],"inLanguage":"fr-FR"},{"@type":"ImageObject","@id":"https:\/\/www.boisfranc.com\/wilfrid\/temoignage-video-vivre-a-bois-franc\/#primaryimage","inLanguage":"fr-FR","url":"https:\/\/www.boisfranc.com\/content\/uploads\/sites\/46\/2020\/02\/temoignage-vivre-a-bf-e1582308183503.jpg","contentUrl":"https:\/\/www.boisfranc.com\/content\/uploads\/sites\/46\/2020\/02\/temoignage-vivre-a-bf-e1582308183503.jpg","width":589,"height":331},{"@type":"WebPage","@id":"https:\/\/www.boisfranc.com\/wilfrid\/temoignage-video-vivre-a-bois-franc\/#webpage","url":"https:\/\/www.boisfranc.com\/wilfrid\/temoignage-video-vivre-a-bois-franc\/","name":"T\u00e9moignage vid\u00e9o - Vivre \u00e0 Bois-Franc - Wilfrid","isPartOf":{"@id":"https:\/\/www.boisfranc.com\/wilfrid\/#website"},"primaryImageOfPage":{"@id":"https:\/\/www.boisfranc.com\/wilfrid\/temoignage-video-vivre-a-bois-franc\/#primaryimage"},"datePublished":"2019-05-29T12:29:35+00:00","dateModified":"2020-02-21T18:03:17+00:00","author":{"@id":"https:\/\/www.boisfranc.com\/wilfrid\/#\/schema\/person\/b4a3b5048e74b23f271f2c5252851ef2"},"breadcrumb":{"@id":"https:\/\/www.boisfranc.com\/wilfrid\/temoignage-video-vivre-a-bois-franc\/#breadcrumb"},"inLanguage":"fr-FR","potentialAction":[{"@type":"ReadAction","target":["https:\/\/www.boisfranc.com\/wilfrid\/temoignage-video-vivre-a-bois-franc\/"]}]},{"@type":"BreadcrumbList","@id":"https:\/\/www.boisfranc.com\/wilfrid\/temoignage-video-vivre-a-bois-franc\/#breadcrumb","itemListElement":[{"@type":"ListItem","position":1,"name":"Accueil","item":"https:\/\/www.boisfranc.com\/wilfrid\/"},{"@type":"ListItem","position":2,"name":"T\u00e9moignage vid\u00e9o &#8211; Vivre \u00e0 Bois-Franc"}]},{"@type":"Person","@id":"https:\/\/www.boisfranc.com\/wilfrid\/#\/schema\/person\/b4a3b5048e74b23f271f2c5252851ef2","name":"kina1","image":{"@type":"ImageObject","@id":"https:\/\/www.boisfranc.com\/wilfrid\/#personlogo","inLanguage":"fr-FR","url":"https:\/\/secure.gravatar.com\/avatar\/8888edf17759b4f5bfe3845ffb242f9d?s=96&d=mm&r=g","contentUrl":"https:\/\/secure.gravatar.com\/avatar\/8888edf17759b4f5bfe3845ffb242f9d?s=96&d=mm&r=g","caption":"kina1"},"url":"https:\/\/www.boisfranc.com\/wilfrid\/author\/kina1\/"}]}},"_links":{"self":[{"href":"https:\/\/www.boisfranc.com\/wilfrid\/wp-json\/wp\/v2\/posts\/2144"}],"collection":[{"href":"https:\/\/www.boisfranc.com\/wilfrid\/wp-json\/wp\/v2\/posts"}],"about":[{"href":"https:\/\/www.boisfranc.com\/wilfrid\/wp-json\/wp\/v2\/types\/post"}],"author":[{"embeddable":true,"href":"https:\/\/www.boisfranc.com\/wilfrid\/wp-json\/wp\/v2\/users\/13"}],"replies":[{"embeddable":true,"href":"https:\/\/www.boisfranc.com\/wilfrid\/wp-json\/wp\/v2\/comments?post=2144"}],"version-history":[{"count":1,"href":"https:\/\/www.boisfranc.com\/wilfrid\/wp-json\/wp\/v2\/posts\/2144\/revisions"}],"predecessor-version":[{"id":2152,"href":"https:\/\/www.boisfranc.com\/wilfrid\/wp-json\/wp\/v2\/posts\/2144\/revisions\/2152"}],"wp:featuredmedia":[{"embeddable":true,"href":"https:\/\/www.boisfranc.com\/wilfrid\/wp-json\/wp\/v2\/media\/2149"}],"wp:attachment":[{"href":"https:\/\/www.boisfranc.com\/wilfrid\/wp-json\/wp\/v2\/media?parent=2144"}],"wp:term":[{"taxonomy":"category","embeddable":true,"href":"https:\/\/www.boisfranc.com\/wilfrid\/wp-json\/wp\/v2\/categories?post=2144"},{"taxonomy":"post_tag","embeddable":true,"href":"https:\/\/www.boisfranc.com\/wilfrid\/wp-json\/wp\/v2\/tags?post=2144"}],"curies":[{"name":"wp","href":"https:\/\/api.w.org\/{rel}","templated":true}]}}