{"id":2126,"date":"2019-11-18T12:06:38","date_gmt":"2019-11-18T11:06:38","guid":{"rendered":"https:\/\/www.boisfranc.com\/wilfrid\/?p=2126"},"modified":"2020-02-18T22:00:15","modified_gmt":"2020-02-18T21:00:15","slug":"evenement-un-envol-spectaculaire-pour-le-projet-wilfrid","status":"publish","type":"post","link":"https:\/\/www.boisfranc.com\/wilfrid\/evenement-un-envol-spectaculaire-pour-le-projet-wilfrid\/","title":{"rendered":"\u00c9v\u00e9nement : Un envol spectaculaire pour le projet Wilfrid"},"content":{"rendered":"<p>[vc_row][vc_column][vc_column_text]Le samedi 16 novembre dernier, nous avons tenu notre \u00e9v\u00e9nement de lancement pour la prochaine phase de notre projet de condos \u00e0 usage mixte novateur \u00e0 Bois-Franc, le Wilfrid. Apr\u00e8s le succ\u00e8s des phases WR, WR2 et WR3, qui fut\u00a0parmi les meilleurs vendeurs 2019 \u00e0 Montr\u00e9al, il \u00e9tait maintenant temps pour le Wilfrid de prendre son envol.[\/vc_column_text][\/vc_column][\/vc_row][vc_row][vc_column]<div class=\"grve-element grve-video\" style=\"\"><iframe width=\"1080\" height=\"608\" src=\"https:\/\/www.youtube.com\/embed\/HWHN2aguxXQ?feature=oembed&enablejsapi=1&origin=https:\/\/www.boisfranc.com\" frameborder=\"0\" allow=\"accelerometer; autoplay; encrypted-media; gyroscope; picture-in-picture\" allowfullscreen><\/iframe><\/div>[vc_column_text]<strong>Un \u00e9v\u00e9nement r\u00e9ussi<\/strong><\/p>\n<p>Un grand nombre de personnes \u00e9taient au rendez-vous pour c\u00e9l\u00e9brer avec nous le lancement et la mise en vente des unit\u00e9s du Wilfrid. Depuis la file ext\u00e9rieure, les invit\u00e9s ont pu b\u00e9n\u00e9ficier des breuvages chauds, gracieuset\u00e9 de Chocolats Favoris. En plus de d\u00e9couvrir le quartier Bois-Franc, les visiteurs ont eu l&rsquo;opportunit\u00e9 de r\u00e9server leur unit\u00e9 sur place avec notre \u00e9quipe de ventes, avoir acc\u00e8s aux plans des unit\u00e9s et assister au d\u00e9voilement de la maquette du projet et des espaces communs.<\/p>\n<p><strong>Un projet tant attendu <\/strong><\/p>\n<p>L\u2019engouement se faisait bien sentir lors du lancement, le projet ayant \u00e9t\u00e9 tr\u00e8s attendu notamment en raison de son emplacement privil\u00e9gi\u00e9 \u00e0 300 m\u00e8tres de la future station Bois-Franc du REM (R\u00e9seau express m\u00e9tropolitain). L\u2019arriv\u00e9e de cette station permettra aux r\u00e9sidents du quartier de rejoindre le centre-ville en 16 minutes et l\u2019a\u00e9roport international Montr\u00e9al\u2013Trudeau en 10 minutes.<\/p>\n<p>\u00ab Nous avons \u00e9t\u00e9 tr\u00e8s heureux du d\u00e9roulement de l\u2019\u00e9v\u00e9nement, les r\u00e9sultats ont \u00e9t\u00e9 au-del\u00e0 de nos attentes. Nous sommes fiers de pr\u00e9senter ce projet de grande envergure avec les 100 unit\u00e9s de condos qui s\u2019ajoutent \u00e0 nos autres r\u00e9alisations. Il reste d\u2019ailleurs de belles unit\u00e9s dans le projet pour ceux et celles qui n\u2019ont pas eu la chance de r\u00e9server leur unit\u00e9. \u00bb rapporte Nicolas Galardo, Directeur des ventes et du marketing chez Montclair.<\/p>\n<p>Pour en savoir plus sur les unit\u00e9s de condos disponibles et pour r\u00e9server la v\u00f4tre\u00a0:<\/p>\n<p class=\"tel-contact-bottom\"><a href=\"tel:+15143784008\">514 378-4008<\/a><br \/>\n2300 rue Wilfrid-Reid #108, Saint-Laurent, Qu\u00e9bec<\/p>\n<p>[\/vc_column_text][\/vc_column][\/vc_row][vc_row][vc_column width=\u00a0\u00bb1\/2&Prime;]<div class=\"grve-element grve-image grve-align-center\" style=\"\"><a class=\"grve-image-popup\" href=\"https:\/\/www.boisfranc.com\/content\/uploads\/sites\/46\/2020\/02\/G_B09613-1920x1218.jpg\"><img width=\"3600\" height=\"2283\" src=\"https:\/\/www.boisfranc.com\/content\/uploads\/sites\/46\/2020\/02\/G_B09613.jpg\" class=\"attachment-full size-full\" alt=\"\" loading=\"lazy\" srcset=\"https:\/\/www.boisfranc.com\/content\/uploads\/sites\/46\/2020\/02\/G_B09613.jpg 1x,https:\/\/www.boisfranc.com\/content\/uploads\/sites\/46\/2020\/02\/G_B09613.jpg 2x\" \/><\/a><\/div>[\/vc_column][vc_column width=\u00a0\u00bb1\/2&Prime;]<div class=\"grve-element grve-image grve-align-center\" style=\"\"><a class=\"grve-image-popup\" href=\"https:\/\/www.boisfranc.com\/content\/uploads\/sites\/46\/2020\/02\/G_B09652-1920x1149.jpg\"><img width=\"3600\" height=\"2154\" src=\"https:\/\/www.boisfranc.com\/content\/uploads\/sites\/46\/2020\/02\/G_B09652.jpg\" class=\"attachment-full size-full\" alt=\"\" loading=\"lazy\" srcset=\"https:\/\/www.boisfranc.com\/content\/uploads\/sites\/46\/2020\/02\/G_B09652.jpg 1x,https:\/\/www.boisfranc.com\/content\/uploads\/sites\/46\/2020\/02\/G_B09652.jpg 2x\" \/><\/a><\/div>[\/vc_column][\/vc_row]<\/p>\n","protected":false},"excerpt":{"rendered":"<p>Le samedi 16 novembre dernier, nous avons tenu notre \u00e9v\u00e9nement de lancement pour la prochaine phase de notre projet de condos \u00e0 usage mixte novateur \u00e0 Bois-Franc, le Wilfrid.<\/p>\n","protected":false},"author":13,"featured_media":2127,"comment_status":"open","ping_status":"open","sticky":false,"template":"","format":"standard","meta":[],"categories":[10],"tags":[],"yoast_head":"<!-- This site is optimized with the Yoast SEO plugin v17.4 - https:\/\/yoast.com\/wordpress\/plugins\/seo\/ -->\n<title>\u00c9v\u00e9nement : Un envol spectaculaire pour le projet Wilfrid - Wilfrid<\/title>\n<meta name=\"robots\" content=\"index, follow, max-snippet:-1, max-image-preview:large, max-video-preview:-1\" \/>\n<link rel=\"canonical\" href=\"https:\/\/www.boisfranc.com\/wilfrid\/evenement-un-envol-spectaculaire-pour-le-projet-wilfrid\/\" \/>\n<meta property=\"og:locale\" content=\"fr_FR\" \/>\n<meta property=\"og:type\" content=\"article\" \/>\n<meta property=\"og:title\" content=\"\u00c9v\u00e9nement : Un envol spectaculaire pour le projet Wilfrid - Wilfrid\" \/>\n<meta property=\"og:description\" content=\"Le samedi 16 novembre dernier, nous avons tenu notre \u00e9v\u00e9nement de lancement pour la prochaine phase de notre projet de condos \u00e0 usage mixte novateur \u00e0 Bois-Franc, le Wilfrid.\" \/>\n<meta property=\"og:url\" content=\"https:\/\/www.boisfranc.com\/wilfrid\/evenement-un-envol-spectaculaire-pour-le-projet-wilfrid\/\" \/>\n<meta property=\"og:site_name\" content=\"Wilfrid\" \/>\n<meta property=\"article:published_time\" content=\"2019-11-18T11:06:38+00:00\" \/>\n<meta property=\"article:modified_time\" content=\"2020-02-18T21:00:15+00:00\" \/>\n<meta property=\"og:image\" content=\"https:\/\/www.boisfranc.com\/content\/uploads\/sites\/46\/2020\/02\/miniature-e1582059512969.jpg\" \/>\n\t<meta property=\"og:image:width\" content=\"1665\" \/>\n\t<meta property=\"og:image:height\" content=\"1080\" \/>\n<meta name=\"twitter:card\" content=\"summary\" \/>\n<meta name=\"twitter:label1\" content=\"\u00c9crit par\" \/>\n\t<meta name=\"twitter:data1\" content=\"kina1\" \/>\n\t<meta name=\"twitter:label2\" content=\"Dur\u00e9e de lecture est.\" \/>\n\t<meta name=\"twitter:data2\" content=\"2 minutes\" \/>\n<script type=\"application\/ld+json\" class=\"yoast-schema-graph\">{\"@context\":\"https:\/\/schema.org\",\"@graph\":[{\"@type\":\"WebSite\",\"@id\":\"https:\/\/www.boisfranc.com\/wilfrid\/#website\",\"url\":\"https:\/\/www.boisfranc.com\/wilfrid\/\",\"name\":\"Wilfrid\",\"description\":\"Un site utilisant R\\u00e9seau Boisfranc\",\"potentialAction\":[{\"@type\":\"SearchAction\",\"target\":{\"@type\":\"EntryPoint\",\"urlTemplate\":\"https:\/\/www.boisfranc.com\/wilfrid\/?s={search_term_string}\"},\"query-input\":\"required name=search_term_string\"}],\"inLanguage\":\"fr-FR\"},{\"@type\":\"ImageObject\",\"@id\":\"https:\/\/www.boisfranc.com\/wilfrid\/evenement-un-envol-spectaculaire-pour-le-projet-wilfrid\/#primaryimage\",\"inLanguage\":\"fr-FR\",\"url\":\"https:\/\/www.boisfranc.com\/content\/uploads\/sites\/46\/2020\/02\/miniature-e1582059512969.jpg\",\"contentUrl\":\"https:\/\/www.boisfranc.com\/content\/uploads\/sites\/46\/2020\/02\/miniature-e1582059512969.jpg\",\"width\":1665,\"height\":1080},{\"@type\":\"WebPage\",\"@id\":\"https:\/\/www.boisfranc.com\/wilfrid\/evenement-un-envol-spectaculaire-pour-le-projet-wilfrid\/#webpage\",\"url\":\"https:\/\/www.boisfranc.com\/wilfrid\/evenement-un-envol-spectaculaire-pour-le-projet-wilfrid\/\",\"name\":\"\\u00c9v\\u00e9nement : Un envol spectaculaire pour le projet Wilfrid - Wilfrid\",\"isPartOf\":{\"@id\":\"https:\/\/www.boisfranc.com\/wilfrid\/#website\"},\"primaryImageOfPage\":{\"@id\":\"https:\/\/www.boisfranc.com\/wilfrid\/evenement-un-envol-spectaculaire-pour-le-projet-wilfrid\/#primaryimage\"},\"datePublished\":\"2019-11-18T11:06:38+00:00\",\"dateModified\":\"2020-02-18T21:00:15+00:00\",\"author\":{\"@id\":\"https:\/\/www.boisfranc.com\/wilfrid\/#\/schema\/person\/b4a3b5048e74b23f271f2c5252851ef2\"},\"breadcrumb\":{\"@id\":\"https:\/\/www.boisfranc.com\/wilfrid\/evenement-un-envol-spectaculaire-pour-le-projet-wilfrid\/#breadcrumb\"},\"inLanguage\":\"fr-FR\",\"potentialAction\":[{\"@type\":\"ReadAction\",\"target\":[\"https:\/\/www.boisfranc.com\/wilfrid\/evenement-un-envol-spectaculaire-pour-le-projet-wilfrid\/\"]}]},{\"@type\":\"BreadcrumbList\",\"@id\":\"https:\/\/www.boisfranc.com\/wilfrid\/evenement-un-envol-spectaculaire-pour-le-projet-wilfrid\/#breadcrumb\",\"itemListElement\":[{\"@type\":\"ListItem\",\"position\":1,\"name\":\"Accueil\",\"item\":\"https:\/\/www.boisfranc.com\/wilfrid\/\"},{\"@type\":\"ListItem\",\"position\":2,\"name\":\"\\u00c9v\\u00e9nement : Un envol spectaculaire pour le projet Wilfrid\"}]},{\"@type\":\"Person\",\"@id\":\"https:\/\/www.boisfranc.com\/wilfrid\/#\/schema\/person\/b4a3b5048e74b23f271f2c5252851ef2\",\"name\":\"kina1\",\"image\":{\"@type\":\"ImageObject\",\"@id\":\"https:\/\/www.boisfranc.com\/wilfrid\/#personlogo\",\"inLanguage\":\"fr-FR\",\"url\":\"https:\/\/secure.gravatar.com\/avatar\/8888edf17759b4f5bfe3845ffb242f9d?s=96&d=mm&r=g\",\"contentUrl\":\"https:\/\/secure.gravatar.com\/avatar\/8888edf17759b4f5bfe3845ffb242f9d?s=96&d=mm&r=g\",\"caption\":\"kina1\"},\"url\":\"https:\/\/www.boisfranc.com\/wilfrid\/author\/kina1\/\"}]}<\/script>\n<!-- \/ Yoast SEO plugin. -->","yoast_head_json":{"title":"\u00c9v\u00e9nement : Un envol spectaculaire pour le projet Wilfrid - Wilfrid","robots":{"index":"index","follow":"follow","max-snippet":"max-snippet:-1","max-image-preview":"max-image-preview:large","max-video-preview":"max-video-preview:-1"},"canonical":"https:\/\/www.boisfranc.com\/wilfrid\/evenement-un-envol-spectaculaire-pour-le-projet-wilfrid\/","og_locale":"fr_FR","og_type":"article","og_title":"\u00c9v\u00e9nement : Un envol spectaculaire pour le projet Wilfrid - Wilfrid","og_description":"Le samedi 16 novembre dernier, nous avons tenu notre \u00e9v\u00e9nement de lancement pour la prochaine phase de notre projet de condos \u00e0 usage mixte novateur \u00e0 Bois-Franc, le Wilfrid.","og_url":"https:\/\/www.boisfranc.com\/wilfrid\/evenement-un-envol-spectaculaire-pour-le-projet-wilfrid\/","og_site_name":"Wilfrid","article_published_time":"2019-11-18T11:06:38+00:00","article_modified_time":"2020-02-18T21:00:15+00:00","og_image":[{"width":1665,"height":1080,"url":"https:\/\/www.boisfranc.com\/content\/uploads\/sites\/46\/2020\/02\/miniature-e1582059512969.jpg","type":"image\/jpeg"}],"twitter_card":"summary","twitter_misc":{"\u00c9crit par":"kina1","Dur\u00e9e de lecture est.":"2 minutes"},"schema":{"@context":"https:\/\/schema.org","@graph":[{"@type":"WebSite","@id":"https:\/\/www.boisfranc.com\/wilfrid\/#website","url":"https:\/\/www.boisfranc.com\/wilfrid\/","name":"Wilfrid","description":"Un site utilisant R\u00e9seau Boisfranc","potentialAction":[{"@type":"SearchAction","target":{"@type":"EntryPoint","urlTemplate":"https:\/\/www.boisfranc.com\/wilfrid\/?s={search_term_string}"},"query-input":"required name=search_term_string"}],"inLanguage":"fr-FR"},{"@type":"ImageObject","@id":"https:\/\/www.boisfranc.com\/wilfrid\/evenement-un-envol-spectaculaire-pour-le-projet-wilfrid\/#primaryimage","inLanguage":"fr-FR","url":"https:\/\/www.boisfranc.com\/content\/uploads\/sites\/46\/2020\/02\/miniature-e1582059512969.jpg","contentUrl":"https:\/\/www.boisfranc.com\/content\/uploads\/sites\/46\/2020\/02\/miniature-e1582059512969.jpg","width":1665,"height":1080},{"@type":"WebPage","@id":"https:\/\/www.boisfranc.com\/wilfrid\/evenement-un-envol-spectaculaire-pour-le-projet-wilfrid\/#webpage","url":"https:\/\/www.boisfranc.com\/wilfrid\/evenement-un-envol-spectaculaire-pour-le-projet-wilfrid\/","name":"\u00c9v\u00e9nement : Un envol spectaculaire pour le projet Wilfrid - Wilfrid","isPartOf":{"@id":"https:\/\/www.boisfranc.com\/wilfrid\/#website"},"primaryImageOfPage":{"@id":"https:\/\/www.boisfranc.com\/wilfrid\/evenement-un-envol-spectaculaire-pour-le-projet-wilfrid\/#primaryimage"},"datePublished":"2019-11-18T11:06:38+00:00","dateModified":"2020-02-18T21:00:15+00:00","author":{"@id":"https:\/\/www.boisfranc.com\/wilfrid\/#\/schema\/person\/b4a3b5048e74b23f271f2c5252851ef2"},"breadcrumb":{"@id":"https:\/\/www.boisfranc.com\/wilfrid\/evenement-un-envol-spectaculaire-pour-le-projet-wilfrid\/#breadcrumb"},"inLanguage":"fr-FR","potentialAction":[{"@type":"ReadAction","target":["https:\/\/www.boisfranc.com\/wilfrid\/evenement-un-envol-spectaculaire-pour-le-projet-wilfrid\/"]}]},{"@type":"BreadcrumbList","@id":"https:\/\/www.boisfranc.com\/wilfrid\/evenement-un-envol-spectaculaire-pour-le-projet-wilfrid\/#breadcrumb","itemListElement":[{"@type":"ListItem","position":1,"name":"Accueil","item":"https:\/\/www.boisfranc.com\/wilfrid\/"},{"@type":"ListItem","position":2,"name":"\u00c9v\u00e9nement : Un envol spectaculaire pour le projet Wilfrid"}]},{"@type":"Person","@id":"https:\/\/www.boisfranc.com\/wilfrid\/#\/schema\/person\/b4a3b5048e74b23f271f2c5252851ef2","name":"kina1","image":{"@type":"ImageObject","@id":"https:\/\/www.boisfranc.com\/wilfrid\/#personlogo","inLanguage":"fr-FR","url":"https:\/\/secure.gravatar.com\/avatar\/8888edf17759b4f5bfe3845ffb242f9d?s=96&d=mm&r=g","contentUrl":"https:\/\/secure.gravatar.com\/avatar\/8888edf17759b4f5bfe3845ffb242f9d?s=96&d=mm&r=g","caption":"kina1"},"url":"https:\/\/www.boisfranc.com\/wilfrid\/author\/kina1\/"}]}},"_links":{"self":[{"href":"https:\/\/www.boisfranc.com\/wilfrid\/wp-json\/wp\/v2\/posts\/2126"}],"collection":[{"href":"https:\/\/www.boisfranc.com\/wilfrid\/wp-json\/wp\/v2\/posts"}],"about":[{"href":"https:\/\/www.boisfranc.com\/wilfrid\/wp-json\/wp\/v2\/types\/post"}],"author":[{"embeddable":true,"href":"https:\/\/www.boisfranc.com\/wilfrid\/wp-json\/wp\/v2\/users\/13"}],"replies":[{"embeddable":true,"href":"https:\/\/www.boisfranc.com\/wilfrid\/wp-json\/wp\/v2\/comments?post=2126"}],"version-history":[{"count":3,"href":"https:\/\/www.boisfranc.com\/wilfrid\/wp-json\/wp\/v2\/posts\/2126\/revisions"}],"predecessor-version":[{"id":2143,"href":"https:\/\/www.boisfranc.com\/wilfrid\/wp-json\/wp\/v2\/posts\/2126\/revisions\/2143"}],"wp:featuredmedia":[{"embeddable":true,"href":"https:\/\/www.boisfranc.com\/wilfrid\/wp-json\/wp\/v2\/media\/2127"}],"wp:attachment":[{"href":"https:\/\/www.boisfranc.com\/wilfrid\/wp-json\/wp\/v2\/media?parent=2126"}],"wp:term":[{"taxonomy":"category","embeddable":true,"href":"https:\/\/www.boisfranc.com\/wilfrid\/wp-json\/wp\/v2\/categories?post=2126"},{"taxonomy":"post_tag","embeddable":true,"href":"https:\/\/www.boisfranc.com\/wilfrid\/wp-json\/wp\/v2\/tags?post=2126"}],"curies":[{"name":"wp","href":"https:\/\/api.w.org\/{rel}","templated":true}]}}