{"id":1,"date":"2020-02-01T22:52:55","date_gmt":"2020-02-01T21:52:55","guid":{"rendered":"https:\/\/www.boisfranc.com\/wilfrid-dev\/?p=1"},"modified":"2020-02-21T19:36:14","modified_gmt":"2020-02-21T18:36:14","slug":"le-wilfrid-nomme-en-lhonneur-dun-pionnier-de-laviation-a-montreal","status":"publish","type":"post","link":"https:\/\/www.boisfranc.com\/wilfrid\/le-wilfrid-nomme-en-lhonneur-dun-pionnier-de-laviation-a-montreal\/","title":{"rendered":"Le Wilfrid, nomm\u00e9 en l\u2019honneur d\u2019un pionnier de l\u2019aviation \u00e0 Montr\u00e9al"},"content":{"rendered":"<p>[vc_row section_type=\u00a0\u00bbfullwidth\u00a0\u00bb bg_type=\u00a0\u00bbcolor\u00a0\u00bb header_feature=\u00a0\u00bbyes\u00a0\u00bb equal_column_height=\u00a0\u00bbmiddle-content\u00a0\u00bb bg_color=\u00a0\u00bb#f1efe3&Prime; margin_bottom=\u00a0\u00bb0px\u00a0\u00bb el_class=\u00a0\u00bbrow-wilfrid-sub-blue-block\u00a0\u00bb][vc_column width=\u00a0\u00bb1\/2&Prime; css=\u00a0\u00bb.vc_custom_1580590513851{background-image: url(http:\/\/www.boisfranc.com\/content\/uploads\/sites\/46\/2019\/09\/Wilfrid_T._Reid.jpg?id=806) !important;background-position: center !important;background-repeat: no-repeat !important;background-size: cover !important;}\u00a0\u00bb][vc_empty_space height=\u00a0\u00bb300px\u00a0\u00bb][vc_empty_space height=\u00a0\u00bb300px\u00a0\u00bb el_class=\u00a0\u00bbrow-height-hidden\u00a0\u00bb][\/vc_column][vc_column width=\u00a0\u00bb1\/2&Prime; css=\u00a0\u00bb.vc_custom_1580572970592{background-color: #f7f7f7 !important;background-position: center !important;background-repeat: no-repeat !important;background-size: cover !important;}\u00a0\u00bb el_id=\u00a0\u00bbpage-row-right\u00a0\u00bb][vc_empty_space height=\u00a0\u00bb100px\u00a0\u00bb][vc_empty_space height=\u00a0\u00bb50px\u00a0\u00bb el_class=\u00a0\u00bbrow-height-hidden\u00a0\u00bb][vc_column_text]<\/p>\n<h2 class=\"green-title-left\">La provenance du \u00ab Wilfrid \u00bb<\/h2>\n<p>[\/vc_column_text][vc_column_text]<\/p>\n<p class=\"txt-block-air-communes-left\" style=\"text-align: left;\">Tout comme les trois phases du pr\u00e9c\u00e9dent projet WR, le nom Wilfrid rend hommage \u00e0 Wilfrid Thomas Reid, concepteur d\u2019avions britannique et pionnier de l\u2019aviation \u00e0 Montr\u00e9al.<\/p>\n<p>[\/vc_column_text][vc_column_text]<\/p>\n<h2 class=\"green-title-left\">Le Wilfrid, plus qu\u2019un nom<\/h2>\n<p>[\/vc_column_text][vc_column_text]<\/p>\n<p class=\"txt-block-air-communes-left\" style=\"text-align: left;\">Portant le nom de ce pionnier de l\u2019aviation \u00e0 Montr\u00e9al, le projet rend hommage \u00e0 la contribution majeure de cet homme dans l\u2019industrie de l\u2019aviation. Tout a \u00e9t\u00e9 pens\u00e9 pour rappeler l\u2019historique du lieu, tant au niveau de la conception du projet que de l\u2019architecture du b\u00e2timent, sans oublier le design int\u00e9rieur des lieux.<\/p>\n<p>[\/vc_column_text][vc_empty_space height=\u00a0\u00bb100px\u00a0\u00bb][vc_empty_space height=\u00a0\u00bb50px\u00a0\u00bb el_class=\u00a0\u00bbrow-height-hidden\u00a0\u00bb][\/vc_column][\/vc_row][vc_row section_type=\u00a0\u00bbfullwidth\u00a0\u00bb bg_type=\u00a0\u00bbcolor\u00a0\u00bb equal_column_height=\u00a0\u00bbmiddle-content\u00a0\u00bb bg_color=\u00a0\u00bb#f1efe3&Prime; margin_bottom=\u00a0\u00bb0px\u00a0\u00bb el_class=\u00a0\u00bbrow-wilfrid-sub-blue-block\u00a0\u00bb][vc_column width=\u00a0\u00bb1\/2&Prime; css=\u00a0\u00bb.vc_custom_1580574002136{background-color: #f7f7f7 !important;background-position: center !important;background-repeat: no-repeat !important;background-size: cover !important;}\u00a0\u00bb el_id=\u00a0\u00bbpage-row-left\u00a0\u00bb][vc_empty_space height=\u00a0\u00bb50px\u00a0\u00bb][vc_empty_space height=\u00a0\u00bb50px\u00a0\u00bb el_class=\u00a0\u00bbrow-height-hidden\u00a0\u00bb][vc_column_text]<\/p>\n<h2 class=\"green-title-left\">Un peu plus d\u2019histoire<\/h2>\n<p>[\/vc_column_text][vc_column_text]<\/p>\n<p class=\"txt-block-air-communes-left\" style=\"text-align: left;\">D\u00e9butant sa carri\u00e8re en 1916, Reid a travaill\u00e9 pour la British and Colonial Airplane Company, une entreprise britannique, avant de devenir le concepteur d\u2019avions en chef pour Canadian Vickers.<\/p>\n<p>En 1924, lors de son arriv\u00e9e au Canada, il a \u00e9t\u00e9 mandat\u00e9 pour d\u00e9velopper la filiale canadienne de l\u2019entreprise et con\u00e7oit l\u2019avion connu sous le nom de la Vickers Vedette. Le d\u00e9veloppement et la production de cet avion marquent le v\u00e9ritable d\u00e9but de l&rsquo;industrie a\u00e9ronautique canadienne.<\/p>\n<p>Quelques ann\u00e9es apr\u00e8s la Premi\u00e8re Guerre mondiale, l\u2019aviateur fonde la Reid Aircraft Company et s\u2019associe avec des pilotes v\u00e9t\u00e9rans canadiens pour acheter un vaste terrain d\u2019aviation \u00e0 Cartierville. Les d\u00e9cennies passent et la vocation du territoire se transforme tour \u00e0 tour en a\u00e9roport puis en lieu de tests pour l\u2019entreprise Canadair. L\u2019industrie a\u00e9rospatiale de Saint-Laurent se d\u00e9veloppe durant la deuxi\u00e8me moiti\u00e9 du XXe si\u00e8cle avant que l\u2019a\u00e9roport de Cartierville ne soit abandonn\u00e9.<br \/>\n.<\/p>\n<p>[\/vc_column_text][vc_empty_space height=\u00a0\u00bb50px\u00a0\u00bb][vc_empty_space height=\u00a0\u00bb50px\u00a0\u00bb el_class=\u00a0\u00bbrow-height-hidden\u00a0\u00bb][\/vc_column][vc_column width=\u00a0\u00bb1\/2&Prime; css=\u00a0\u00bb.vc_custom_1580590750178{background-image: url(http:\/\/www.boisfranc.com\/content\/uploads\/sites\/46\/2019\/09\/canso.jpg?id=812) !important;background-position: center !important;background-repeat: no-repeat !important;background-size: cover !important;}\u00a0\u00bb][vc_empty_space height=\u00a0\u00bb250px\u00a0\u00bb][vc_empty_space height=\u00a0\u00bb250px\u00a0\u00bb el_class=\u00a0\u00bbrow-height-hidden\u00a0\u00bb][\/vc_column][\/vc_row][vc_row bg_type=\u00a0\u00bbcolor\u00a0\u00bb equal_column_height=\u00a0\u00bbmiddle-content\u00a0\u00bb padding_top=\u00a0\u00bb0px\u00a0\u00bb padding_bottom=\u00a0\u00bb0px\u00a0\u00bb margin_bottom=\u00a0\u00bb0px\u00a0\u00bb bg_color=\u00a0\u00bb#1db9ac\u00a0\u00bb][vc_column el_id=\u00a0\u00bbpage-row-left\u00a0\u00bb][vc_empty_space height=\u00a0\u00bb70px\u00a0\u00bb][vc_column_text]<\/p>\n<h2 class=\"txt-block-center-row-white\">Quartier Bois-Franc<\/h2>\n<p class=\"txt-green-center-post\">Ce n\u2019est qu\u2019en 1988 qu\u2019un ambitieux projet de d\u00e9veloppement r\u00e9sidentiel est pr\u00e9sent\u00e9 \u00e0 la Ville de Saint-Laurent : le quartier Bois-Franc.<\/p>\n<p>[\/vc_column_text][vc_empty_space height=\u00a0\u00bb50px\u00a0\u00bb][\/vc_column][\/vc_row][vc_row section_type=\u00a0\u00bbfullwidth\u00a0\u00bb margin_bottom=\u00a0\u00bb0px\u00a0\u00bb padding_bottom=\u00a0\u00bb0px\u00a0\u00bb padding_top=\u00a0\u00bb0px\u00a0\u00bb][vc_column css=\u00a0\u00bb.vc_custom_1580588266502{margin-bottom: 0px !important;padding-bottom: 0px !important;}\u00a0\u00bb el_class=\u00a0\u00bbimg-resp-pad-0&Prime;]<div class=\"grve-element grve-gallery grve-isotope grve-gallery-popup\" style=\"margin-bottom: 0px;\" data-columns=\"4\" data-columns-tablet-landscape=\"2\" data-columns-tablet-portrait=\"2\" data-columns-mobile=\"1\" data-layout=\"fitRows\">  <div class=\"grve-isotope-container\"><div class=\"grve-isotope-item grve-gallery-item \">  <a href=\"https:\/\/www.boisfranc.com\/content\/uploads\/sites\/46\/2019\/09\/bois-franc-1-e1582304999516.jpg\">    <figure class=\"grve-hover-style-1 grve-image-hover grve-zoom-in\">      <div class=\"grve-media\">        <div class=\"grve-hover-overlay grve-bg-primary-5 grve-opacity-70\"><\/div><img width=\"470\" height=\"264\" src=\"https:\/\/www.boisfranc.com\/content\/uploads\/sites\/46\/2019\/09\/bois-franc-1-e1582304999516.jpg\" class=\"attachment-blade-grve-small-square size-blade-grve-small-square\" alt=\"\" loading=\"lazy\" srcset=\"https:\/\/www.boisfranc.com\/content\/uploads\/sites\/46\/2019\/09\/bois-franc-1-e1582304999516.jpg 470w, https:\/\/www.boisfranc.com\/content\/uploads\/sites\/46\/2019\/09\/bois-franc-1-e1582304999516-300x169.jpg 300w\" sizes=\"(max-width: 470px) 100vw, 470px\" \/>      <\/div>      <figcaption>        <div class=\"grve-gallery-content\"><h6 class=\"grve-title grve-text-light\">Bois-Franc<\/h6>        <\/div>      <\/figcaption>    <\/figure>  <\/a><\/div><div class=\"grve-isotope-item grve-gallery-item \">  <a href=\"https:\/\/www.boisfranc.com\/content\/uploads\/sites\/46\/2019\/09\/canadair-1953-1.jpg\">    <figure class=\"grve-hover-style-1 grve-image-hover grve-zoom-in\">      <div class=\"grve-media\">        <div class=\"grve-hover-overlay grve-bg-primary-5 grve-opacity-70\"><\/div><img width=\"470\" height=\"305\" src=\"https:\/\/www.boisfranc.com\/content\/uploads\/sites\/46\/2019\/09\/canadair-1953-1.jpg\" class=\"attachment-blade-grve-small-square size-blade-grve-small-square\" alt=\"\" loading=\"lazy\" srcset=\"https:\/\/www.boisfranc.com\/content\/uploads\/sites\/46\/2019\/09\/canadair-1953-1.jpg 470w, https:\/\/www.boisfranc.com\/content\/uploads\/sites\/46\/2019\/09\/canadair-1953-1-300x195.jpg 300w\" sizes=\"(max-width: 470px) 100vw, 470px\" \/>      <\/div>      <figcaption>        <div class=\"grve-gallery-content\"><h6 class=\"grve-title grve-text-light\">Canadair 1953<\/h6>        <\/div>      <\/figcaption>    <\/figure>  <\/a><\/div><div class=\"grve-isotope-item grve-gallery-item \">  <a href=\"https:\/\/www.boisfranc.com\/content\/uploads\/sites\/46\/2019\/09\/curtiss-reid-rambler-1-1.jpg\">    <figure class=\"grve-hover-style-1 grve-image-hover grve-zoom-in\">      <div class=\"grve-media\">        <div class=\"grve-hover-overlay grve-bg-primary-5 grve-opacity-70\"><\/div><img width=\"470\" height=\"305\" src=\"https:\/\/www.boisfranc.com\/content\/uploads\/sites\/46\/2019\/09\/curtiss-reid-rambler-1-1.jpg\" class=\"attachment-blade-grve-small-square size-blade-grve-small-square\" alt=\"\" loading=\"lazy\" srcset=\"https:\/\/www.boisfranc.com\/content\/uploads\/sites\/46\/2019\/09\/curtiss-reid-rambler-1-1.jpg 470w, https:\/\/www.boisfranc.com\/content\/uploads\/sites\/46\/2019\/09\/curtiss-reid-rambler-1-1-300x195.jpg 300w\" sizes=\"(max-width: 470px) 100vw, 470px\" \/>      <\/div>      <figcaption>        <div class=\"grve-gallery-content\"><h6 class=\"grve-title grve-text-light\">Curtiss Reid Rambler<\/h6>        <\/div>      <\/figcaption>    <\/figure>  <\/a><\/div><div class=\"grve-isotope-item grve-gallery-item \">  <a href=\"https:\/\/www.boisfranc.com\/content\/uploads\/sites\/46\/2019\/09\/rambler-photo-dc3a9poque-1.jpg\">    <figure class=\"grve-hover-style-1 grve-image-hover grve-zoom-in\">      <div class=\"grve-media\">        <div class=\"grve-hover-overlay grve-bg-primary-5 grve-opacity-70\"><\/div><img width=\"470\" height=\"305\" src=\"https:\/\/www.boisfranc.com\/content\/uploads\/sites\/46\/2019\/09\/rambler-photo-dc3a9poque-1.jpg\" class=\"attachment-blade-grve-small-square size-blade-grve-small-square\" alt=\"\" loading=\"lazy\" srcset=\"https:\/\/www.boisfranc.com\/content\/uploads\/sites\/46\/2019\/09\/rambler-photo-dc3a9poque-1.jpg 470w, https:\/\/www.boisfranc.com\/content\/uploads\/sites\/46\/2019\/09\/rambler-photo-dc3a9poque-1-300x195.jpg 300w\" sizes=\"(max-width: 470px) 100vw, 470px\" \/>      <\/div>      <figcaption>        <div class=\"grve-gallery-content\"><h6 class=\"grve-title grve-text-light\">Rambler &#8211; Photo d&rsquo;\u00e9poque<\/h6>        <\/div>      <\/figcaption>    <\/figure>  <\/a><\/div>  <\/div><\/div>[\/vc_column][\/vc_row][vc_row bg_type=\u00a0\u00bbgradient\u00a0\u00bb bg_gradient_color_1=\u00a0\u00bb#242a5e\u00a0\u00bb bg_gradient_color_2=\u00a0\u00bb#0f2344&Prime; bg_gradient_direction=\u00a0\u00bb135&Prime; footer_feature=\u00a0\u00bbyes\u00a0\u00bb padding_bottom=\u00a0\u00bb100px\u00a0\u00bb el_class=\u00a0\u00bbblock-map-bottom\u00a0\u00bb][vc_column css=\u00a0\u00bb.vc_custom_1580527069121{margin-top: -1px !important;}\u00a0\u00bb][vc_empty_space height=\u00a0\u00bb60px\u00a0\u00bb][vc_empty_space height=\u00a0\u00bb50px\u00a0\u00bb el_class=\u00a0\u00bbrow-height-hidden\u00a0\u00bb][vc_column_text el_class=\u00a0\u00bbblock-subheader-home map-bottom-resp\u00a0\u00bb]<\/p>\n<h2 class=\"title-block-map\">Quartier <span style=\"white-space: nowrap;\">Bois-franc<\/span><\/h2>\n<p class=\"txt-block-map\">Le Wilfrid est situ\u00e9 dans le d\u00e9veloppement de Bois-Franc, \u00e0 Saint-Laurent. Le quartier Bois-Franc est un lieu aux destinations infinies, \u00e0 proximit\u00e9 du futur REM, offrant un style de vie actif, social et professionnel.<\/p>\n<p>[\/vc_column_text][vc_column_text css=\u00a0\u00bb.vc_custom_1580527649243{margin-top: -25px !important;}\u00a0\u00bb]<img loading=\"lazy\" class=\"wp-image-533 aligncenter\" src=\"http:\/\/www.boisfranc.com\/content\/uploads\/sites\/46\/2020\/02\/icone-transports.png\" alt=\"\" width=\"405\" height=\"96\" srcset=\"https:\/\/www.boisfranc.com\/content\/uploads\/sites\/46\/2020\/02\/icone-transports.png 747w, https:\/\/www.boisfranc.com\/content\/uploads\/sites\/46\/2020\/02\/icone-transports-300x71.png 300w\" sizes=\"(max-width: 405px) 100vw, 405px\" \/>[\/vc_column_text][vc_column_text]\n            \n            \n            \n            <a name='map1'><\/a>\n            \n            \n            \n            \n            <div class=\"wpgmza_map \"  id=\"wpgmza_map_1\" style=\"display:block; overflow:auto; width:100%; height:400px; float:left;\" data-settings='{\"id\":\"1\",\"map_title\":\"CARTE FR\",\"map_width\":\"100\",\"map_height\":\"400\",\"map_start_lat\":\"45.521221\",\"map_start_lng\":\"-73.709799\",\"map_start_location\":\"45.521220990993776,-73.70979866137694\",\"map_start_zoom\":\"15\",\"default_marker\":\"0\",\"type\":\"1\",\"alignment\":\"1\",\"directions_enabled\":\"0\",\"styling_enabled\":\"0\",\"styling_json\":\"\",\"active\":\"0\",\"kml\":\"\",\"bicycle\":\"0\",\"traffic\":\"0\",\"dbox\":\"1\",\"dbox_width\":\"100\",\"listmarkers\":\"0\",\"listmarkers_advanced\":\"0\",\"filterbycat\":\"0\",\"ugm_enabled\":\"0\",\"ugm_category_enabled\":\"0\",\"fusion\":\"\",\"map_width_type\":\"\\\\%\",\"map_height_type\":\"px\",\"mass_marker_support\":\"1\",\"ugm_access\":\"0\",\"order_markers_by\":\"1\",\"order_markers_choice\":\"2\",\"show_user_location\":\"2\",\"default_to\":\"\",\"other_settings\":{\"wpgmza_store_locator_restrict\":\"\",\"wpgmza_sl_animation\":\"1\",\"store_locator_query_string\":\"Code Postal \\\/ Adresse\",\"store_locator_name_string\":\"Titre \\\/ Description\",\"store_locator_default_address\":\"\",\"wpgmza_dbox_width_type\":\"%\",\"map_max_zoom\":\"3\",\"map_min_zoom\":\"21\",\"sl_stroke_color\":\"FF0000\",\"sl_stroke_opacity\":\"0.25\",\"sl_fill_color\":\"FF0000\",\"sl_fill_opacity\":\"0.15\",\"click_open_link\":2,\"transport_layer\":0,\"iw_primary_color\":\"2A3744\",\"iw_accent_color\":\"252F3A\",\"iw_text_color\":\"FFFFFF\",\"wpgmza_iw_type\":\"0\",\"list_markers_by\":\"0\",\"push_in_map\":\"\",\"push_in_map_placement\":\"9\",\"wpgmza_push_in_map_width\":\"\",\"wpgmza_push_in_map_height\":\"\",\"wpgmza_theme_data\":\"[{\\\\\\\"featureType\\\\\\\":\\\\\\\"landscape\\\\\\\",\\\\\\\"stylers\\\\\\\":[{\\\\\\\"saturation\\\\\\\":-100},{\\\\\\\"lightness\\\\\\\":65},{\\\\\\\"visibility\\\\\\\":\\\\\\\"on\\\\\\\"}]},{\\\\\\\"featureType\\\\\\\":\\\\\\\"poi\\\\\\\",\\\\\\\"stylers\\\\\\\":[{\\\\\\\"saturation\\\\\\\":-100},{\\\\\\\"lightness\\\\\\\":51},{\\\\\\\"visibility\\\\\\\":\\\\\\\"simplified\\\\\\\"}]},{\\\\\\\"featureType\\\\\\\":\\\\\\\"road.highway\\\\\\\",\\\\\\\"stylers\\\\\\\":[{\\\\\\\"saturation\\\\\\\":-100},{\\\\\\\"visibility\\\\\\\":\\\\\\\"simplified\\\\\\\"}]},{\\\\\\\"featureType\\\\\\\":\\\\\\\"road.arterial\\\\\\\",\\\\\\\"stylers\\\\\\\":[{\\\\\\\"saturation\\\\\\\":-100},{\\\\\\\"lightness\\\\\\\":30},{\\\\\\\"visibility\\\\\\\":\\\\\\\"on\\\\\\\"}]},{\\\\\\\"featureType\\\\\\\":\\\\\\\"road.local\\\\\\\",\\\\\\\"stylers\\\\\\\":[{\\\\\\\"saturation\\\\\\\":-100},{\\\\\\\"lightness\\\\\\\":40},{\\\\\\\"visibility\\\\\\\":\\\\\\\"on\\\\\\\"}]},{\\\\\\\"featureType\\\\\\\":\\\\\\\"transit\\\\\\\",\\\\\\\"stylers\\\\\\\":[{\\\\\\\"saturation\\\\\\\":-100},{\\\\\\\"visibility\\\\\\\":\\\\\\\"simplified\\\\\\\"}]},{\\\\\\\"featureType\\\\\\\":\\\\\\\"administrative.province\\\\\\\",\\\\\\\"stylers\\\\\\\":[{\\\\\\\"visibility\\\\\\\":\\\\\\\"off\\\\\\\"}]},{\\\\\\\"featureType\\\\\\\":\\\\\\\"water\\\\\\\",\\\\\\\"elementType\\\\\\\":\\\\\\\"labels\\\\\\\",\\\\\\\"stylers\\\\\\\":[{\\\\\\\"visibility\\\\\\\":\\\\\\\"on\\\\\\\"},{\\\\\\\"lightness\\\\\\\":-25},{\\\\\\\"saturation\\\\\\\":-100}]},{\\\\\\\"featureType\\\\\\\":\\\\\\\"water\\\\\\\",\\\\\\\"elementType\\\\\\\":\\\\\\\"geometry\\\\\\\",\\\\\\\"stylers\\\\\\\":[{\\\\\\\"hue\\\\\\\":\\\\\\\"#ffff00\\\\\\\"},{\\\\\\\"lightness\\\\\\\":-25},{\\\\\\\"saturation\\\\\\\":-97}]}]\",\"wpgmza_theme_selection\":3,\"upload_default_ul_marker\":\"\",\"upload_default_sl_marker\":\"\",\"shortcodeAttributes\":{\"id\":\"1\"}}}' data-map-id='1' data-shortcode-attributes='{\"id\":\"1\"}'> <\/div>\n            \n               \n        [\/vc_column_text][\/vc_column][\/vc_row]<\/p>\n","protected":false},"excerpt":{"rendered":"<p>[vc_row section_type=\u00a0\u00bbfullwidth\u00a0\u00bb bg_type=\u00a0\u00bbcolor\u00a0\u00bb header_feature=\u00a0\u00bbyes\u00a0\u00bb equal_column_height=\u00a0\u00bbmiddle-content\u00a0\u00bb bg_color=\u00a0\u00bb#f1efe3&Prime; margin_bottom=\u00a0\u00bb0px\u00a0\u00bb el_class=\u00a0\u00bbrow-wilfrid-sub-blue-block\u00a0\u00bb][vc_column width=\u00a0\u00bb1\/2&Prime; css=\u00a0\u00bb.vc_custom_1580590513851{background-image: url(http:\/\/www.boisfranc.com\/content\/uploads\/sites\/46\/2019\/09\/Wilfrid_T._Reid.jpg?id=806) !important;background-position: center !important;background-repeat: no-repeat !important;background-size: cover !important;}\u00a0\u00bb][vc_empty_space height=\u00a0\u00bb300px\u00a0\u00bb][vc_empty_space height=\u00a0\u00bb300px\u00a0\u00bb el_class=\u00a0\u00bbrow-height-hidden\u00a0\u00bb][\/vc_column][vc_column width=\u00a0\u00bb1\/2&Prime; css=\u00a0\u00bb.vc_custom_1580572970592{background-color: #f7f7f7 !important;background-position: center !important;background-repeat: no-repeat !important;background-size: cover !important;}\u00a0\u00bb el_id=\u00a0\u00bbpage-row-right\u00a0\u00bb][vc_empty_space height=\u00a0\u00bb100px\u00a0\u00bb][vc_empty_space height=\u00a0\u00bb50px\u00a0\u00bb el_class=\u00a0\u00bbrow-height-hidden\u00a0\u00bb][vc_column_text] La provenance du \u00ab Wilfrid \u00bb [\/vc_column_text][vc_column_text] Tout comme les trois phases du pr\u00e9c\u00e9dent projet WR, le nom Wilfrid rend [&hellip;]<\/p>\n","protected":false},"author":14,"featured_media":2191,"comment_status":"open","ping_status":"open","sticky":false,"template":"","format":"standard","meta":[],"categories":[10],"tags":[],"yoast_head":"<!-- This site is optimized with the Yoast SEO plugin v17.4 - https:\/\/yoast.com\/wordpress\/plugins\/seo\/ -->\n<title>Le Wilfrid, nomm\u00e9 en l\u2019honneur d\u2019un pionnier de l\u2019aviation \u00e0 Montr\u00e9al - Wilfrid<\/title>\n<meta name=\"robots\" content=\"index, follow, max-snippet:-1, max-image-preview:large, max-video-preview:-1\" \/>\n<link rel=\"canonical\" href=\"https:\/\/www.boisfranc.com\/wilfrid\/le-wilfrid-nomme-en-lhonneur-dun-pionnier-de-laviation-a-montreal\/\" \/>\n<meta property=\"og:locale\" content=\"fr_FR\" \/>\n<meta property=\"og:type\" content=\"article\" \/>\n<meta property=\"og:title\" content=\"Le Wilfrid, nomm\u00e9 en l\u2019honneur d\u2019un pionnier de l\u2019aviation \u00e0 Montr\u00e9al - Wilfrid\" \/>\n<meta property=\"og:description\" content=\"[vc_row section_type=\u00a0\u00bbfullwidth\u00a0\u00bb bg_type=\u00a0\u00bbcolor\u00a0\u00bb header_feature=\u00a0\u00bbyes\u00a0\u00bb equal_column_height=\u00a0\u00bbmiddle-content\u00a0\u00bb bg_color=\u00a0\u00bb#f1efe3&Prime; margin_bottom=\u00a0\u00bb0px\u00a0\u00bb el_class=\u00a0\u00bbrow-wilfrid-sub-blue-block\u00a0\u00bb][vc_column width=\u00a0\u00bb1\/2&Prime; css=\u00a0\u00bb.vc_custom_1580590513851{background-image: url(http:\/\/www.boisfranc.com\/content\/uploads\/sites\/46\/2019\/09\/Wilfrid_T._Reid.jpg?id=806) !important;background-position: center !important;background-repeat: no-repeat !important;background-size: cover !important;}\u00a0\u00bb][vc_empty_space height=\u00a0\u00bb300px\u00a0\u00bb][vc_empty_space height=\u00a0\u00bb300px\u00a0\u00bb el_class=\u00a0\u00bbrow-height-hidden\u00a0\u00bb][\/vc_column][vc_column width=\u00a0\u00bb1\/2&Prime; css=\u00a0\u00bb.vc_custom_1580572970592{background-color: #f7f7f7 !important;background-position: center !important;background-repeat: no-repeat !important;background-size: cover !important;}\u00a0\u00bb el_id=\u00a0\u00bbpage-row-right\u00a0\u00bb][vc_empty_space height=\u00a0\u00bb100px\u00a0\u00bb][vc_empty_space height=\u00a0\u00bb50px\u00a0\u00bb el_class=\u00a0\u00bbrow-height-hidden\u00a0\u00bb][vc_column_text] La provenance du \u00ab Wilfrid \u00bb [\/vc_column_text][vc_column_text] Tout comme les trois phases du pr\u00e9c\u00e9dent projet WR, le nom Wilfrid rend [&hellip;]\" \/>\n<meta property=\"og:url\" content=\"https:\/\/www.boisfranc.com\/wilfrid\/le-wilfrid-nomme-en-lhonneur-dun-pionnier-de-laviation-a-montreal\/\" \/>\n<meta property=\"og:site_name\" content=\"Wilfrid\" \/>\n<meta property=\"article:published_time\" content=\"2020-02-01T21:52:55+00:00\" \/>\n<meta property=\"article:modified_time\" content=\"2020-02-21T18:36:14+00:00\" \/>\n<meta property=\"og:image\" content=\"https:\/\/www.boisfranc.com\/content\/uploads\/sites\/46\/2020\/02\/Wilfrid_T._Reid_16-9.jpg\" \/>\n\t<meta property=\"og:image:width\" content=\"1920\" \/>\n\t<meta property=\"og:image:height\" content=\"1080\" \/>\n<meta name=\"twitter:card\" content=\"summary\" \/>\n<meta name=\"twitter:label1\" content=\"\u00c9crit par\" \/>\n\t<meta name=\"twitter:data1\" content=\"Laurent Arkhame\" \/>\n\t<meta name=\"twitter:label2\" content=\"Dur\u00e9e de lecture est.\" \/>\n\t<meta name=\"twitter:data2\" content=\"4 minutes\" \/>\n<script type=\"application\/ld+json\" class=\"yoast-schema-graph\">{\"@context\":\"https:\/\/schema.org\",\"@graph\":[{\"@type\":\"WebSite\",\"@id\":\"https:\/\/www.boisfranc.com\/wilfrid\/#website\",\"url\":\"https:\/\/www.boisfranc.com\/wilfrid\/\",\"name\":\"Wilfrid\",\"description\":\"Un site utilisant R\\u00e9seau Boisfranc\",\"potentialAction\":[{\"@type\":\"SearchAction\",\"target\":{\"@type\":\"EntryPoint\",\"urlTemplate\":\"https:\/\/www.boisfranc.com\/wilfrid\/?s={search_term_string}\"},\"query-input\":\"required name=search_term_string\"}],\"inLanguage\":\"fr-FR\"},{\"@type\":\"ImageObject\",\"@id\":\"https:\/\/www.boisfranc.com\/wilfrid\/le-wilfrid-nomme-en-lhonneur-dun-pionnier-de-laviation-a-montreal\/#primaryimage\",\"inLanguage\":\"fr-FR\",\"url\":\"https:\/\/www.boisfranc.com\/content\/uploads\/sites\/46\/2020\/02\/Wilfrid_T._Reid_16-9.jpg\",\"contentUrl\":\"https:\/\/www.boisfranc.com\/content\/uploads\/sites\/46\/2020\/02\/Wilfrid_T._Reid_16-9.jpg\",\"width\":1920,\"height\":1080},{\"@type\":\"WebPage\",\"@id\":\"https:\/\/www.boisfranc.com\/wilfrid\/le-wilfrid-nomme-en-lhonneur-dun-pionnier-de-laviation-a-montreal\/#webpage\",\"url\":\"https:\/\/www.boisfranc.com\/wilfrid\/le-wilfrid-nomme-en-lhonneur-dun-pionnier-de-laviation-a-montreal\/\",\"name\":\"Le Wilfrid, nomm\\u00e9 en l\\u2019honneur d\\u2019un pionnier de l\\u2019aviation \\u00e0 Montr\\u00e9al - Wilfrid\",\"isPartOf\":{\"@id\":\"https:\/\/www.boisfranc.com\/wilfrid\/#website\"},\"primaryImageOfPage\":{\"@id\":\"https:\/\/www.boisfranc.com\/wilfrid\/le-wilfrid-nomme-en-lhonneur-dun-pionnier-de-laviation-a-montreal\/#primaryimage\"},\"datePublished\":\"2020-02-01T21:52:55+00:00\",\"dateModified\":\"2020-02-21T18:36:14+00:00\",\"author\":{\"@id\":\"https:\/\/www.boisfranc.com\/wilfrid\/#\/schema\/person\/68b23c7422c835d555d579092aa5f6ba\"},\"breadcrumb\":{\"@id\":\"https:\/\/www.boisfranc.com\/wilfrid\/le-wilfrid-nomme-en-lhonneur-dun-pionnier-de-laviation-a-montreal\/#breadcrumb\"},\"inLanguage\":\"fr-FR\",\"potentialAction\":[{\"@type\":\"ReadAction\",\"target\":[\"https:\/\/www.boisfranc.com\/wilfrid\/le-wilfrid-nomme-en-lhonneur-dun-pionnier-de-laviation-a-montreal\/\"]}]},{\"@type\":\"BreadcrumbList\",\"@id\":\"https:\/\/www.boisfranc.com\/wilfrid\/le-wilfrid-nomme-en-lhonneur-dun-pionnier-de-laviation-a-montreal\/#breadcrumb\",\"itemListElement\":[{\"@type\":\"ListItem\",\"position\":1,\"name\":\"Accueil\",\"item\":\"https:\/\/www.boisfranc.com\/wilfrid\/\"},{\"@type\":\"ListItem\",\"position\":2,\"name\":\"Le Wilfrid, nomm\\u00e9 en l\\u2019honneur d\\u2019un pionnier de l\\u2019aviation \\u00e0 Montr\\u00e9al\"}]},{\"@type\":\"Person\",\"@id\":\"https:\/\/www.boisfranc.com\/wilfrid\/#\/schema\/person\/68b23c7422c835d555d579092aa5f6ba\",\"name\":\"Laurent Arkhame\",\"image\":{\"@type\":\"ImageObject\",\"@id\":\"https:\/\/www.boisfranc.com\/wilfrid\/#personlogo\",\"inLanguage\":\"fr-FR\",\"url\":\"https:\/\/secure.gravatar.com\/avatar\/9a06385f55e2e8f763f7ed18894c160c?s=96&d=mm&r=g\",\"contentUrl\":\"https:\/\/secure.gravatar.com\/avatar\/9a06385f55e2e8f763f7ed18894c160c?s=96&d=mm&r=g\",\"caption\":\"Laurent Arkhame\"},\"url\":\"https:\/\/www.boisfranc.com\/wilfrid\/author\/laurent\/\"}]}<\/script>\n<!-- \/ Yoast SEO plugin. -->","yoast_head_json":{"title":"Le Wilfrid, nomm\u00e9 en l\u2019honneur d\u2019un pionnier de l\u2019aviation \u00e0 Montr\u00e9al - Wilfrid","robots":{"index":"index","follow":"follow","max-snippet":"max-snippet:-1","max-image-preview":"max-image-preview:large","max-video-preview":"max-video-preview:-1"},"canonical":"https:\/\/www.boisfranc.com\/wilfrid\/le-wilfrid-nomme-en-lhonneur-dun-pionnier-de-laviation-a-montreal\/","og_locale":"fr_FR","og_type":"article","og_title":"Le Wilfrid, nomm\u00e9 en l\u2019honneur d\u2019un pionnier de l\u2019aviation \u00e0 Montr\u00e9al - Wilfrid","og_description":"[vc_row section_type=\u00a0\u00bbfullwidth\u00a0\u00bb bg_type=\u00a0\u00bbcolor\u00a0\u00bb header_feature=\u00a0\u00bbyes\u00a0\u00bb equal_column_height=\u00a0\u00bbmiddle-content\u00a0\u00bb bg_color=\u00a0\u00bb#f1efe3&Prime; margin_bottom=\u00a0\u00bb0px\u00a0\u00bb el_class=\u00a0\u00bbrow-wilfrid-sub-blue-block\u00a0\u00bb][vc_column width=\u00a0\u00bb1\/2&Prime; css=\u00a0\u00bb.vc_custom_1580590513851{background-image: url(http:\/\/www.boisfranc.com\/content\/uploads\/sites\/46\/2019\/09\/Wilfrid_T._Reid.jpg?id=806) !important;background-position: center !important;background-repeat: no-repeat !important;background-size: cover !important;}\u00a0\u00bb][vc_empty_space height=\u00a0\u00bb300px\u00a0\u00bb][vc_empty_space height=\u00a0\u00bb300px\u00a0\u00bb el_class=\u00a0\u00bbrow-height-hidden\u00a0\u00bb][\/vc_column][vc_column width=\u00a0\u00bb1\/2&Prime; css=\u00a0\u00bb.vc_custom_1580572970592{background-color: #f7f7f7 !important;background-position: center !important;background-repeat: no-repeat !important;background-size: cover !important;}\u00a0\u00bb el_id=\u00a0\u00bbpage-row-right\u00a0\u00bb][vc_empty_space height=\u00a0\u00bb100px\u00a0\u00bb][vc_empty_space height=\u00a0\u00bb50px\u00a0\u00bb el_class=\u00a0\u00bbrow-height-hidden\u00a0\u00bb][vc_column_text] La provenance du \u00ab Wilfrid \u00bb [\/vc_column_text][vc_column_text] Tout comme les trois phases du pr\u00e9c\u00e9dent projet WR, le nom Wilfrid rend [&hellip;]","og_url":"https:\/\/www.boisfranc.com\/wilfrid\/le-wilfrid-nomme-en-lhonneur-dun-pionnier-de-laviation-a-montreal\/","og_site_name":"Wilfrid","article_published_time":"2020-02-01T21:52:55+00:00","article_modified_time":"2020-02-21T18:36:14+00:00","og_image":[{"width":1920,"height":1080,"url":"https:\/\/www.boisfranc.com\/content\/uploads\/sites\/46\/2020\/02\/Wilfrid_T._Reid_16-9.jpg","type":"image\/jpeg"}],"twitter_card":"summary","twitter_misc":{"\u00c9crit par":"Laurent Arkhame","Dur\u00e9e de lecture est.":"4 minutes"},"schema":{"@context":"https:\/\/schema.org","@graph":[{"@type":"WebSite","@id":"https:\/\/www.boisfranc.com\/wilfrid\/#website","url":"https:\/\/www.boisfranc.com\/wilfrid\/","name":"Wilfrid","description":"Un site utilisant R\u00e9seau Boisfranc","potentialAction":[{"@type":"SearchAction","target":{"@type":"EntryPoint","urlTemplate":"https:\/\/www.boisfranc.com\/wilfrid\/?s={search_term_string}"},"query-input":"required name=search_term_string"}],"inLanguage":"fr-FR"},{"@type":"ImageObject","@id":"https:\/\/www.boisfranc.com\/wilfrid\/le-wilfrid-nomme-en-lhonneur-dun-pionnier-de-laviation-a-montreal\/#primaryimage","inLanguage":"fr-FR","url":"https:\/\/www.boisfranc.com\/content\/uploads\/sites\/46\/2020\/02\/Wilfrid_T._Reid_16-9.jpg","contentUrl":"https:\/\/www.boisfranc.com\/content\/uploads\/sites\/46\/2020\/02\/Wilfrid_T._Reid_16-9.jpg","width":1920,"height":1080},{"@type":"WebPage","@id":"https:\/\/www.boisfranc.com\/wilfrid\/le-wilfrid-nomme-en-lhonneur-dun-pionnier-de-laviation-a-montreal\/#webpage","url":"https:\/\/www.boisfranc.com\/wilfrid\/le-wilfrid-nomme-en-lhonneur-dun-pionnier-de-laviation-a-montreal\/","name":"Le Wilfrid, nomm\u00e9 en l\u2019honneur d\u2019un pionnier de l\u2019aviation \u00e0 Montr\u00e9al - Wilfrid","isPartOf":{"@id":"https:\/\/www.boisfranc.com\/wilfrid\/#website"},"primaryImageOfPage":{"@id":"https:\/\/www.boisfranc.com\/wilfrid\/le-wilfrid-nomme-en-lhonneur-dun-pionnier-de-laviation-a-montreal\/#primaryimage"},"datePublished":"2020-02-01T21:52:55+00:00","dateModified":"2020-02-21T18:36:14+00:00","author":{"@id":"https:\/\/www.boisfranc.com\/wilfrid\/#\/schema\/person\/68b23c7422c835d555d579092aa5f6ba"},"breadcrumb":{"@id":"https:\/\/www.boisfranc.com\/wilfrid\/le-wilfrid-nomme-en-lhonneur-dun-pionnier-de-laviation-a-montreal\/#breadcrumb"},"inLanguage":"fr-FR","potentialAction":[{"@type":"ReadAction","target":["https:\/\/www.boisfranc.com\/wilfrid\/le-wilfrid-nomme-en-lhonneur-dun-pionnier-de-laviation-a-montreal\/"]}]},{"@type":"BreadcrumbList","@id":"https:\/\/www.boisfranc.com\/wilfrid\/le-wilfrid-nomme-en-lhonneur-dun-pionnier-de-laviation-a-montreal\/#breadcrumb","itemListElement":[{"@type":"ListItem","position":1,"name":"Accueil","item":"https:\/\/www.boisfranc.com\/wilfrid\/"},{"@type":"ListItem","position":2,"name":"Le Wilfrid, nomm\u00e9 en l\u2019honneur d\u2019un pionnier de l\u2019aviation \u00e0 Montr\u00e9al"}]},{"@type":"Person","@id":"https:\/\/www.boisfranc.com\/wilfrid\/#\/schema\/person\/68b23c7422c835d555d579092aa5f6ba","name":"Laurent Arkhame","image":{"@type":"ImageObject","@id":"https:\/\/www.boisfranc.com\/wilfrid\/#personlogo","inLanguage":"fr-FR","url":"https:\/\/secure.gravatar.com\/avatar\/9a06385f55e2e8f763f7ed18894c160c?s=96&d=mm&r=g","contentUrl":"https:\/\/secure.gravatar.com\/avatar\/9a06385f55e2e8f763f7ed18894c160c?s=96&d=mm&r=g","caption":"Laurent Arkhame"},"url":"https:\/\/www.boisfranc.com\/wilfrid\/author\/laurent\/"}]}},"_links":{"self":[{"href":"https:\/\/www.boisfranc.com\/wilfrid\/wp-json\/wp\/v2\/posts\/1"}],"collection":[{"href":"https:\/\/www.boisfranc.com\/wilfrid\/wp-json\/wp\/v2\/posts"}],"about":[{"href":"https:\/\/www.boisfranc.com\/wilfrid\/wp-json\/wp\/v2\/types\/post"}],"author":[{"embeddable":true,"href":"https:\/\/www.boisfranc.com\/wilfrid\/wp-json\/wp\/v2\/users\/14"}],"replies":[{"embeddable":true,"href":"https:\/\/www.boisfranc.com\/wilfrid\/wp-json\/wp\/v2\/comments?post=1"}],"version-history":[{"count":20,"href":"https:\/\/www.boisfranc.com\/wilfrid\/wp-json\/wp\/v2\/posts\/1\/revisions"}],"predecessor-version":[{"id":874,"href":"https:\/\/www.boisfranc.com\/wilfrid\/wp-json\/wp\/v2\/posts\/1\/revisions\/874"}],"wp:featuredmedia":[{"embeddable":true,"href":"https:\/\/www.boisfranc.com\/wilfrid\/wp-json\/wp\/v2\/media\/2191"}],"wp:attachment":[{"href":"https:\/\/www.boisfranc.com\/wilfrid\/wp-json\/wp\/v2\/media?parent=1"}],"wp:term":[{"taxonomy":"category","embeddable":true,"href":"https:\/\/www.boisfranc.com\/wilfrid\/wp-json\/wp\/v2\/categories?post=1"},{"taxonomy":"post_tag","embeddable":true,"href":"https:\/\/www.boisfranc.com\/wilfrid\/wp-json\/wp\/v2\/tags?post=1"}],"curies":[{"name":"wp","href":"https:\/\/api.w.org\/{rel}","templated":true}]}}